{"id":31227,"date":"2025-07-30T12:35:51","date_gmt":"2025-07-30T10:35:51","guid":{"rendered":"https:\/\/www.troesser.de\/blog\/?p=31227"},"modified":"2025-09-01T15:34:07","modified_gmt":"2025-09-01T13:34:07","slug":"die-trendfarben-2025-verleihe-deinem-zuhause-neuen-glanz","status":"publish","type":"post","link":"https:\/\/www.troesser.de\/blog\/die-trendfarben-2025-verleihe-deinem-zuhause-neuen-glanz\/","title":{"rendered":"Die Trendfarben 2025 &#8211; dein Zuhause im neuen Glanz\u2728"},"content":{"rendered":"\t\t<div data-elementor-type=\"wp-post\" data-elementor-id=\"31227\" class=\"elementor elementor-31227\">\n\t\t\t\t<div class=\"elementor-element elementor-element-954bf14 e-flex e-con-boxed e-con e-parent\" data-id=\"954bf14\" data-element_type=\"container\" data-e-type=\"container\">\n\t\t\t\t\t<div class=\"e-con-inner\">\n\t\t\t\t<div class=\"elementor-element elementor-element-3793d73 elementor-widget elementor-widget-heading\" data-id=\"3793d73\" data-element_type=\"widget\" data-e-type=\"widget\" data-widget_type=\"heading.default\">\n\t\t\t\t<div class=\"elementor-widget-container\">\n\t\t\t\t\t<h2 class=\"elementor-heading-title elementor-size-default\"><span class=\"ez-toc-section\" id=\"Trendfarben_2025_-_dein_Zuhause_in_neuem_Glanz_%E2%9C%A8\"><\/span>Trendfarben 2025 - dein Zuhause in neuem Glanz \u2728<span class=\"ez-toc-section-end\"><\/span><\/h2>\t\t\t\t<\/div>\n\t\t\t\t<\/div>\n\t\t\t\t<div class=\"elementor-element elementor-element-d14ac94 elementor-widget elementor-widget-text-editor\" data-id=\"d14ac94\" data-element_type=\"widget\" data-e-type=\"widget\" data-widget_type=\"text-editor.default\">\n\t\t\t\t<div class=\"elementor-widget-container\">\n\t\t\t\t\t\t\t\t\t<p>Farben haben die Kraft, R\u00e4ume vollkommen zu verwandeln &#8211; besonders, wenn es um die Trendfarben 2025 geht. Entdecke, welche Farbt\u00f6ne dein Zuhause in ein stilvolles und zugleich wundersch\u00f6nes Wohnparadies verwandeln k\u00f6nnen. Wir zeigen dir, wie du diese angesagten Farben gekonnt integrierst und dein individuelles Wohngef\u00fchl perfekt unterstreichst.<\/p>\t\t\t\t\t\t\t\t<\/div>\n\t\t\t\t<\/div>\n\t\t\t\t<div class=\"elementor-element elementor-element-ea26447 elementor-widget elementor-widget-image\" data-id=\"ea26447\" data-element_type=\"widget\" data-e-type=\"widget\" data-widget_type=\"image.default\">\n\t\t\t\t<div class=\"elementor-widget-container\">\n\t\t\t\t\t\t\t\t\t\t\t\t<figure class=\"wp-caption\">\n\t\t\t\t\t\t\t\t\t\t\t<a href=\"https:\/\/www.troesser.de\/blog\/wp-content\/uploads\/sites\/2\/2025\/07\/Die-Trendfarben-2025-.webp\" data-elementor-open-lightbox=\"yes\" data-elementor-lightbox-title=\"Die Trendfarben 2025\" data-e-action-hash=\"#elementor-action%3Aaction%3Dlightbox%26settings%3DeyJpZCI6MzEzMDQsInVybCI6Imh0dHBzOlwvXC93d3cudHJvZXNzZXIuZGVcL2Jsb2dcL3dwLWNvbnRlbnRcL3VwbG9hZHNcL3NpdGVzXC8yXC8yMDI1XC8wN1wvRGllLVRyZW5kZmFyYmVuLTIwMjUtLndlYnAifQ%3D%3D\">\n\t\t\t\t\t\t\t<img fetchpriority=\"high\" decoding=\"async\" width=\"1024\" height=\"576\" src=\"https:\/\/www.troesser.de\/blog\/wp-content\/uploads\/sites\/2\/2025\/07\/Die-Trendfarben-2025--1024x576.webp\" class=\"attachment-large size-large wp-image-31304\" alt=\"Die Trendfarben 2025\" srcset=\"https:\/\/www.troesser.de\/blog\/wp-content\/uploads\/sites\/2\/2025\/07\/Die-Trendfarben-2025--1024x576.webp 1024w, https:\/\/www.troesser.de\/blog\/wp-content\/uploads\/sites\/2\/2025\/07\/Die-Trendfarben-2025--300x169.webp 300w, https:\/\/www.troesser.de\/blog\/wp-content\/uploads\/sites\/2\/2025\/07\/Die-Trendfarben-2025--768x432.webp 768w, https:\/\/www.troesser.de\/blog\/wp-content\/uploads\/sites\/2\/2025\/07\/Die-Trendfarben-2025--1536x864.webp 1536w, https:\/\/www.troesser.de\/blog\/wp-content\/uploads\/sites\/2\/2025\/07\/Die-Trendfarben-2025-.webp 1920w\" sizes=\"(max-width: 1024px) 100vw, 1024px\" \/>\t\t\t\t\t\t\t\t<\/a>\n\t\t\t\t\t\t\t\t\t\t\t<figcaption class=\"widget-image-caption wp-caption-text\"><\/figcaption>\n\t\t\t\t\t\t\t\t\t\t<\/figure>\n\t\t\t\t\t\t\t\t\t<\/div>\n\t\t\t\t<\/div>\n\t\t\t\t<div class=\"elementor-element elementor-element-c3b6a90 elementor-widget elementor-widget-heading\" data-id=\"c3b6a90\" data-element_type=\"widget\" data-e-type=\"widget\" data-widget_type=\"heading.default\">\n\t\t\t\t<div class=\"elementor-widget-container\">\n\t\t\t\t\t<h2 class=\"elementor-heading-title elementor-size-default\"><span class=\"ez-toc-section\" id=\"Farben_und_ihre_Bedeutung_fuer_dein_Zuhause\"><\/span>Farben und ihre Bedeutung f\u00fcr dein Zuhause<span class=\"ez-toc-section-end\"><\/span><\/h2>\t\t\t\t<\/div>\n\t\t\t\t<\/div>\n\t\t\t\t<div class=\"elementor-element elementor-element-4b10eb4 elementor-widget elementor-widget-text-editor\" data-id=\"4b10eb4\" data-element_type=\"widget\" data-e-type=\"widget\" data-widget_type=\"text-editor.default\">\n\t\t\t\t<div class=\"elementor-widget-container\">\n\t\t\t\t\t\t\t\t\t<p>Die Farben die dein Zuhause pr\u00e4gen, beeinflussen ma\u00dfgeblich dein Wohlf\u00fchlgef\u00fchl und die Atmosph\u00e4re. Die Trendfarben 2025 bringen frischen Schwung in deine R\u00e4ume und er\u00f6ffnen dir neue M\u00f6glichkeiten, deinem Wohnraum Charakter zu verleihen. Dabei sind nicht nur die Nuancen selbst relevant, sondern auch, wie sie deine Pers\u00f6nlichkeit widerspiegeln und mit bestehenden Elementen harmonieren.<\/p><p>Ob warme Erdt\u00f6ne, sanfte Pastelle oder lebendige Akzente \u2013 die Farbpalette f\u00fcr das kommende Jahr ist vielseitig und bietet dir individuelle Gestaltungsspielr\u00e4ume. Besonders wirkungsvoll sind Farbakzente auf Polsterm\u00f6beln, die deinen Lieblingsplatz nicht nur optisch, sondern auch im Komfort- und Wohngef\u00fchl aufwerten.<\/p><p>So kannst du mit gezielten Farbakzenten ein wohnliches Ambiente schaffen, das gleicherma\u00dfen einladend und modern wirkt. Genau hier zeigt sich, wie wichtig eine fachkundige Beratung ist, um deine Wohntr\u00e4ume ma\u00dfgeschneidert umzusetzen und deinem Zuhause nachhaltigen Glanz zu verleihen.<\/p>\t\t\t\t\t\t\t\t<\/div>\n\t\t\t\t<\/div>\n\t\t\t\t<div class=\"elementor-element elementor-element-8993fac elementor-widget elementor-widget-heading\" data-id=\"8993fac\" data-element_type=\"widget\" data-e-type=\"widget\" data-widget_type=\"heading.default\">\n\t\t\t\t<div class=\"elementor-widget-container\">\n\t\t\t\t\t<h2 class=\"elementor-heading-title elementor-size-default\"><span class=\"ez-toc-section\" id=\"Die_angesagtesten_Trendfarben_2025\"><\/span>Die angesagtesten Trendfarben 2025<span class=\"ez-toc-section-end\"><\/span><\/h2>\t\t\t\t<\/div>\n\t\t\t\t<\/div>\n\t\t\t\t<div class=\"elementor-element elementor-element-1cfe444 elementor-widget elementor-widget-image\" data-id=\"1cfe444\" data-element_type=\"widget\" data-e-type=\"widget\" data-widget_type=\"image.default\">\n\t\t\t\t<div class=\"elementor-widget-container\">\n\t\t\t\t\t\t\t\t\t\t\t\t<figure class=\"wp-caption\">\n\t\t\t\t\t\t\t\t\t\t\t<a href=\"https:\/\/www.troesser.de\/blog\/wp-content\/uploads\/sites\/2\/2025\/07\/Die-angesagtesten-Trendfarben-2025-1.webp\" data-elementor-open-lightbox=\"yes\" data-elementor-lightbox-title=\"Die angesagtesten Trendfarben 2025\" data-e-action-hash=\"#elementor-action%3Aaction%3Dlightbox%26settings%3DeyJpZCI6MzEzMjUsInVybCI6Imh0dHBzOlwvXC93d3cudHJvZXNzZXIuZGVcL2Jsb2dcL3dwLWNvbnRlbnRcL3VwbG9hZHNcL3NpdGVzXC8yXC8yMDI1XC8wN1wvRGllLWFuZ2VzYWd0ZXN0ZW4tVHJlbmRmYXJiZW4tMjAyNS0xLndlYnAifQ%3D%3D\">\n\t\t\t\t\t\t\t<img decoding=\"async\" width=\"1024\" height=\"576\" src=\"https:\/\/www.troesser.de\/blog\/wp-content\/uploads\/sites\/2\/2025\/07\/Die-angesagtesten-Trendfarben-2025-1-1024x576.webp\" class=\"attachment-large size-large wp-image-31325\" alt=\"Die angesagtesten Trendfarben 2025\" srcset=\"https:\/\/www.troesser.de\/blog\/wp-content\/uploads\/sites\/2\/2025\/07\/Die-angesagtesten-Trendfarben-2025-1-1024x576.webp 1024w, https:\/\/www.troesser.de\/blog\/wp-content\/uploads\/sites\/2\/2025\/07\/Die-angesagtesten-Trendfarben-2025-1-300x169.webp 300w, https:\/\/www.troesser.de\/blog\/wp-content\/uploads\/sites\/2\/2025\/07\/Die-angesagtesten-Trendfarben-2025-1-768x432.webp 768w, https:\/\/www.troesser.de\/blog\/wp-content\/uploads\/sites\/2\/2025\/07\/Die-angesagtesten-Trendfarben-2025-1-1536x864.webp 1536w, https:\/\/www.troesser.de\/blog\/wp-content\/uploads\/sites\/2\/2025\/07\/Die-angesagtesten-Trendfarben-2025-1.webp 1920w\" sizes=\"(max-width: 1024px) 100vw, 1024px\" \/>\t\t\t\t\t\t\t\t<\/a>\n\t\t\t\t\t\t\t\t\t\t\t<figcaption class=\"widget-image-caption wp-caption-text\"><\/figcaption>\n\t\t\t\t\t\t\t\t\t\t<\/figure>\n\t\t\t\t\t\t\t\t\t<\/div>\n\t\t\t\t<\/div>\n\t\t\t\t<div class=\"elementor-element elementor-element-484d253 elementor-widget elementor-widget-heading\" data-id=\"484d253\" data-element_type=\"widget\" data-e-type=\"widget\" data-widget_type=\"heading.default\">\n\t\t\t\t<div class=\"elementor-widget-container\">\n\t\t\t\t\t<h3 class=\"elementor-heading-title elementor-size-default\"><span class=\"ez-toc-section\" id=\"Top-5_Trendfarben_2025\"><\/span>Top-5 Trendfarben 2025 <span class=\"ez-toc-section-end\"><\/span><\/h3>\t\t\t\t<\/div>\n\t\t\t\t<\/div>\n\t\t\t\t<div class=\"elementor-element elementor-element-50be3a6 elementor-widget elementor-widget-text-editor\" data-id=\"50be3a6\" data-element_type=\"widget\" data-e-type=\"widget\" data-widget_type=\"text-editor.default\">\n\t\t\t\t<div class=\"elementor-widget-container\">\n\t\t\t\t\t\t\t\t\t<ul><li><p style=\"text-align: left;\"><strong>Farbe<\/strong>: <a href=\"https:\/\/www.troesser.de\/sofas\/?order=acris-score-desc&amp;p=1&amp;properties=5273cc58e1a14ceb81e01518b1f414a9\" target=\"_blank\" rel=\"noopener\">Creme<\/a><\/p><\/li><li style=\"text-align: left;\"><p><strong>Farbe<\/strong>: <a href=\"https:\/\/www.troesser.de\/sofas\/?order=acris-score-desc&amp;p=1&amp;properties=fb249ac0a58441a7adfb43bd14b55228\" target=\"_blank\" rel=\"noopener\">Bronze<\/a><\/p><\/li><li style=\"text-align: left;\"><p><strong>Farbe<\/strong>: <a href=\"https:\/\/www.troesser.de\/sofas\/?order=acris-score-desc&amp;p=1&amp;properties=3c1916a3e4d34db1a6f6513eae4f291c\" target=\"_blank\" rel=\"noopener\">Moosgr\u00fcn<\/a><\/p><\/li><li style=\"text-align: left;\"><p style=\"text-align: left;\"><strong>Farbe<\/strong>: <a href=\"https:\/\/www.troesser.de\/sofas\/?order=acris-score-desc&amp;p=1&amp;properties=18167f9096f548cd9c4545104a4076e1\" target=\"_blank\" rel=\"noopener\">Rose<\/a><\/p><\/li><li><p style=\"text-align: left;\"><strong>Farbe:<\/strong> <a href=\"https:\/\/www.troesser.de\/sofas\/?order=acris-score-desc&amp;p=1&amp;properties=ab85cb5f7c204e078bbada75dce4abdc\" target=\"_blank\" rel=\"noopener\">Grau<\/a> (in verschieden T\u00f6nen)<\/p><\/li><\/ul>\t\t\t\t\t\t\t\t<\/div>\n\t\t\t\t<\/div>\n\t\t\t\t<div class=\"elementor-element elementor-element-f16477d elementor-widget elementor-widget-text-editor\" data-id=\"f16477d\" data-element_type=\"widget\" data-e-type=\"widget\" data-widget_type=\"text-editor.default\">\n\t\t\t\t<div class=\"elementor-widget-container\">\n\t\t\t\t\t\t\t\t\t<p>Entdecke die Trendfarben 2025 die <strong><em>deinem Zuhause eine frische und individuelle Note verleihen<\/em><\/strong>.<\/p><p>Sanfte Erdt\u00f6ne wie warmes Terrakotta oder beruhigendes Olivgr\u00fcn schaffen ein behagliches Wohngef\u00fchl und harmonieren ausgezeichnet mit nat\u00fcrlichen Materialien.<\/p><p>Kraftvolle Akzente setzt ein tiefes Mitternachtsblau, das Eleganz und Ruhe zugleich ausstrahlt. Dabei spielt die <strong>Balance zwischen lebendigen Nuancen und dezenten T\u00f6nen<\/strong> eine ma\u00dfgebliche Rolle, um R\u00e4ume weder zu \u00fcberladen noch zu steril wirken zu lassen. Besonders spannend ist die Kombination aus sanften Pastellfarben und kr\u00e4ftigen Dunkelt\u00f6nen, die zusammen einen modernen und doch zeitlosen Look kreieren. Diese Farbpalette bietet vielf\u00e4ltige M\u00f6glichkeiten, deinen Lieblingsplatz ganz nach deinen W\u00fcnschen zu gestalten &#8211; ob durch Polsterm\u00f6bel, Wandfarben oder Accessoires.<\/p><p>So bringst du nicht nur Farbe ins Spiel sondern unterstreichst auch <strong>deine pers\u00f6nliche Note<\/strong> mit einem ausgewogenen Stil der 2025 absolut im Trend liegt.<\/p>\t\t\t\t\t\t\t\t<\/div>\n\t\t\t\t<\/div>\n\t\t\t\t<div class=\"elementor-element elementor-element-a264c45 elementor-widget elementor-widget-heading\" data-id=\"a264c45\" data-element_type=\"widget\" data-e-type=\"widget\" data-widget_type=\"heading.default\">\n\t\t\t\t<div class=\"elementor-widget-container\">\n\t\t\t\t\t<h2 class=\"elementor-heading-title elementor-size-default\"><span class=\"ez-toc-section\" id=\"So_integrierst_du_die_Trendfarben_2025_in_deine_Wohnraeume\"><\/span>So integrierst du die Trendfarben 2025 in deine Wohnr\u00e4ume<span class=\"ez-toc-section-end\"><\/span><\/h2>\t\t\t\t<\/div>\n\t\t\t\t<\/div>\n\t\t\t\t<div class=\"elementor-element elementor-element-ff92959 elementor-widget elementor-widget-text-editor\" data-id=\"ff92959\" data-element_type=\"widget\" data-e-type=\"widget\" data-widget_type=\"text-editor.default\">\n\t\t\t\t<div class=\"elementor-widget-container\">\n\t\t\t\t\t\t\t\t\t<p>Um die Trendfarben 2025 harmonisch in dein Zuhause zu integrieren, ist es praktisch auf ausgewogene Akzente zu setzen, die deinem Wohngef\u00fchl entsprechen. W\u00e4hle deine Polsterm\u00f6bel in satten, aber dezenten T\u00f6nen, die sich mit bestehenden Farben verbinden und so den Raum lebendig machen ohne ihn zu dominieren.<\/p><p>Ein Sofa in einem warmen Terrakotta oder ein Sessel in sanftem Salbeigr\u00fcn kann zum Lieblingsplatz werden und gleichzeitig den Komfort erh\u00f6hen. Ma\u00dfgeschneiderte Bez\u00fcge bieten dir zudem die M\u00f6glichkeit, den Fleckenschutz optimal mit Stil zu verbinden. Farbakzente kannst du mit Kissen, Decken oder Teppichen erg\u00e4nzen, um flexibel auf Trends zu reagieren.<\/p><p>Wichtig ist nur dass die Farben deine Pers\u00f6nlichkeit widerspiegeln <strong>und du dich wohlf\u00fchlst<\/strong> &#8211; so entsteht ein individuelles Wohngef\u00fchl, das sowohl modern als auch nachhaltig wirkt und deinem Zuhause neuen Glanz verleiht. Dabei beraten wir dich gern pers\u00f6nlich, damit jede Wahl passgenau f\u00fcr dich ist.<\/p>\t\t\t\t\t\t\t\t<\/div>\n\t\t\t\t<\/div>\n\t\t\t\t<div class=\"elementor-element elementor-element-c6ee563 elementor-widget elementor-widget-image\" data-id=\"c6ee563\" data-element_type=\"widget\" data-e-type=\"widget\" data-widget_type=\"image.default\">\n\t\t\t\t<div class=\"elementor-widget-container\">\n\t\t\t\t\t\t\t\t\t\t\t\t<figure class=\"wp-caption\">\n\t\t\t\t\t\t\t\t\t\t\t<a href=\"https:\/\/www.troesser.de\/blog\/wp-content\/uploads\/sites\/2\/2025\/07\/Die-Trendfarben-in-deinen-Wohntraeumen.webp\" data-elementor-open-lightbox=\"yes\" data-elementor-lightbox-title=\"Die Trendfarben in deinen Wohn(t)r\u00e4umen\" data-e-action-hash=\"#elementor-action%3Aaction%3Dlightbox%26settings%3DeyJpZCI6MzEzMTAsInVybCI6Imh0dHBzOlwvXC93d3cudHJvZXNzZXIuZGVcL2Jsb2dcL3dwLWNvbnRlbnRcL3VwbG9hZHNcL3NpdGVzXC8yXC8yMDI1XC8wN1wvRGllLVRyZW5kZmFyYmVuLWluLWRlaW5lbi1Xb2hudHJhZXVtZW4ud2VicCJ9\">\n\t\t\t\t\t\t\t<img decoding=\"async\" width=\"1024\" height=\"576\" src=\"https:\/\/www.troesser.de\/blog\/wp-content\/uploads\/sites\/2\/2025\/07\/Die-Trendfarben-in-deinen-Wohntraeumen-1024x576.webp\" class=\"attachment-large size-large wp-image-31310\" alt=\"Die Trendfarben in deinen Wohn(t)r\u00e4umen\" srcset=\"https:\/\/www.troesser.de\/blog\/wp-content\/uploads\/sites\/2\/2025\/07\/Die-Trendfarben-in-deinen-Wohntraeumen-1024x576.webp 1024w, https:\/\/www.troesser.de\/blog\/wp-content\/uploads\/sites\/2\/2025\/07\/Die-Trendfarben-in-deinen-Wohntraeumen-300x169.webp 300w, https:\/\/www.troesser.de\/blog\/wp-content\/uploads\/sites\/2\/2025\/07\/Die-Trendfarben-in-deinen-Wohntraeumen-768x432.webp 768w, https:\/\/www.troesser.de\/blog\/wp-content\/uploads\/sites\/2\/2025\/07\/Die-Trendfarben-in-deinen-Wohntraeumen-1536x864.webp 1536w, https:\/\/www.troesser.de\/blog\/wp-content\/uploads\/sites\/2\/2025\/07\/Die-Trendfarben-in-deinen-Wohntraeumen.webp 1920w\" sizes=\"(max-width: 1024px) 100vw, 1024px\" \/>\t\t\t\t\t\t\t\t<\/a>\n\t\t\t\t\t\t\t\t\t\t\t<figcaption class=\"widget-image-caption wp-caption-text\"><\/figcaption>\n\t\t\t\t\t\t\t\t\t\t<\/figure>\n\t\t\t\t\t\t\t\t\t<\/div>\n\t\t\t\t<\/div>\n\t\t\t\t<div class=\"elementor-element elementor-element-27404d5 elementor-align-center elementor-widget elementor-widget-button\" data-id=\"27404d5\" data-element_type=\"widget\" data-e-type=\"widget\" data-widget_type=\"button.default\">\n\t\t\t\t<div class=\"elementor-widget-container\">\n\t\t\t\t\t\t\t\t\t<div class=\"elementor-button-wrapper\">\n\t\t\t\t\t<a class=\"elementor-button elementor-button-link elementor-size-sm\" href=\"https:\/\/www.troesser.de\/sofas\/\">\n\t\t\t\t\t\t<span class=\"elementor-button-content-wrapper\">\n\t\t\t\t\t\t<span class=\"elementor-button-icon\">\n\t\t\t\t<svg aria-hidden=\"true\" class=\"e-font-icon-svg e-fas-shopping-cart\" viewBox=\"0 0 576 512\" xmlns=\"http:\/\/www.w3.org\/2000\/svg\"><path d=\"M528.12 301.319l47.273-208C578.806 78.301 567.391 64 551.99 64H159.208l-9.166-44.81C147.758 8.021 137.93 0 126.529 0H24C10.745 0 0 10.745 0 24v16c0 13.255 10.745 24 24 24h69.883l70.248 343.435C147.325 417.1 136 435.222 136 456c0 30.928 25.072 56 56 56s56-25.072 56-56c0-15.674-6.447-29.835-16.824-40h209.647C430.447 426.165 424 440.326 424 456c0 30.928 25.072 56 56 56s56-25.072 56-56c0-22.172-12.888-41.332-31.579-50.405l5.517-24.276c3.413-15.018-8.002-29.319-23.403-29.319H218.117l-6.545-32h293.145c11.206 0 20.92-7.754 23.403-18.681z\"><\/path><\/svg>\t\t\t<\/span>\n\t\t\t\t\t\t\t\t\t<span class=\"elementor-button-text\">Sofas im Onlineshop ansehen<\/span>\n\t\t\t\t\t<\/span>\n\t\t\t\t\t<\/a>\n\t\t\t\t<\/div>\n\t\t\t\t\t\t\t\t<\/div>\n\t\t\t\t<\/div>\n\t\t\t\t<div class=\"elementor-element elementor-element-60f2358 elementor-widget elementor-widget-heading\" data-id=\"60f2358\" data-element_type=\"widget\" data-e-type=\"widget\" data-widget_type=\"heading.default\">\n\t\t\t\t<div class=\"elementor-widget-container\">\n\t\t\t\t\t<h2 class=\"elementor-heading-title elementor-size-default\"><span class=\"ez-toc-section\" id=\"Materialien_und_Polstermoebel_in_Trendfarben_2025\"><\/span>Materialien und Polsterm\u00f6bel in Trendfarben 2025<span class=\"ez-toc-section-end\"><\/span><\/h2>\t\t\t\t<\/div>\n\t\t\t\t<\/div>\n\t\t\t\t<div class=\"elementor-element elementor-element-66e9480 elementor-widget elementor-widget-text-editor\" data-id=\"66e9480\" data-element_type=\"widget\" data-e-type=\"widget\" data-widget_type=\"text-editor.default\">\n\t\t\t\t<div class=\"elementor-widget-container\">\n\t\t\t\t\t\t\t\t\t<p>Farben pr\u00e4gen nicht nur dein Wohngef\u00fchl, sondern entfalten ihre Wirkung besonders durch die Wahl der richtigen Materialien. Bei Polsterm\u00f6beln stehen nachhaltige Stoffe wie <strong>Leinen, recycelte Baumwolle oder innovative Mikrofaser<\/strong> im Vordergrund, die das Trendfarbspektrum von sanften Erdt\u00f6nen bis zu kr\u00e4ftigen Juwelennuancen perfekt zur Geltung bringen.<\/p><p>Diese Materialien unterst\u00fctzen nicht nur dein Komfortempfinden, sondern tragen aktiv zur Umweltfreundlichkeit deines Lieblingsplatzes bei. Ma\u00dfgeschneiderte Polsterm\u00f6bel in aktuellen Trendfarben verbinden Design mit Funktion &#8211; der Fleckenschutz und unsere <a href=\"https:\/\/www.troesser.de\/longlife-garantie\/\" target=\"_blank\" rel=\"noopener\">Longlife Garantie<\/a> sorgen daf\u00fcr dass du auch lange Freude an deinem Wohlf\u00fchlm\u00f6bel hast. Die Kombination aus hochwertiger Fachberatung und individueller Auswahl macht es dir leicht eine stilvolle Balance zwischen modischem Glanz und Wohngef\u00fchl zu schaffen.<\/p><p>So wird jedes M\u00f6belst\u00fcck in den Trendfarben 2025 zum Ausdruck deiner Pers\u00f6nlichkeit und setzt frische Akzente in deinem Zuhause.<\/p>\t\t\t\t\t\t\t\t<\/div>\n\t\t\t\t<\/div>\n\t\t\t\t<div class=\"elementor-element elementor-element-ca4b55c elementor-widget elementor-widget-heading\" data-id=\"ca4b55c\" data-element_type=\"widget\" data-e-type=\"widget\" data-widget_type=\"heading.default\">\n\t\t\t\t<div class=\"elementor-widget-container\">\n\t\t\t\t\t<h2 class=\"elementor-heading-title elementor-size-default\"><span class=\"ez-toc-section\" id=\"Tipps_zum_Kombinieren_von_Trendfarben_mit_deinem_bestehenden_Mobiliar\"><\/span>Tipps zum Kombinieren von Trendfarben mit deinem bestehenden Mobiliar<span class=\"ez-toc-section-end\"><\/span><\/h2>\t\t\t\t<\/div>\n\t\t\t\t<\/div>\n\t\t\t\t<div class=\"elementor-element elementor-element-96bca33 elementor-widget elementor-widget-text-editor\" data-id=\"96bca33\" data-element_type=\"widget\" data-e-type=\"widget\" data-widget_type=\"text-editor.default\">\n\t\t\t\t<div class=\"elementor-widget-container\">\n\t\t\t\t\t\t\t\t\t<p>Um die aktuellen Trendfarben harmonisch mit deinem bestehenden Wohngef\u00fchl zu integrieren, lohnt es sich <strong>gezielt auf Kontraste und Akzente zu setzen<\/strong>. Setze kr\u00e4ftige Nuancen wie lebendiges <a href=\"https:\/\/www.troesser.de\/search?search=blau\" target=\"_blank\" rel=\"noopener\">Kobaltblau<\/a> oder <a href=\"https:\/\/www.troesser.de\/search?order=score&amp;p=1&amp;search=kurkuma\" target=\"_blank\" rel=\"noopener\">erdiges Kurkuma<\/a> bewusst als Highlights ein, zum Beispiel in Form von Sofas oder Relaxsesseln, w\u00e4hrend neutrale T\u00f6ne den Raum ausbalancieren. So schaffst du eine ansprechende Balance zwischen vertrauter Gem\u00fctlichkeit und frischem Charakter. Achte darauf, Materialien und Oberfl\u00e4chen gezielt zu kombinieren: Samt, Leinen oder nachhaltige Stoffe bringen nicht nur Komfort, sondern unterstreichen auch die Farbwirkung auf elegante Weise.<\/p><p>Dabei unterst\u00fctzt dich eine individuelle Fachberatung, die deine pers\u00f6nlichen Wohntr\u00e4ume und die spezifischen Lichtverh\u00e4ltnisse ber\u00fccksichtigt. So bringst du nicht nur Farbe ins Spiel, sondern sorgst f\u00fcr ein stimmiges Wohngef\u00fchl, das dich langfristig begeistern wird. Nachhaltigkeit und Komfort gehen dabei Hand in Hand &#8211; <strong>so wird dein Lieblingsplatz zum wahren Ort des Wohlf\u00fchlens<\/strong>.<\/p>\t\t\t\t\t\t\t\t<\/div>\n\t\t\t\t<\/div>\n\t\t\t\t<div class=\"elementor-element elementor-element-a79d301 elementor-widget elementor-widget-image\" data-id=\"a79d301\" data-element_type=\"widget\" data-e-type=\"widget\" data-widget_type=\"image.default\">\n\t\t\t\t<div class=\"elementor-widget-container\">\n\t\t\t\t\t\t\t\t\t\t\t\t<figure class=\"wp-caption\">\n\t\t\t\t\t\t\t\t\t\t\t<a href=\"https:\/\/www.troesser.de\/blog\/wp-content\/uploads\/sites\/2\/2025\/07\/Moebel-Trendfarben-2025.webp\" data-elementor-open-lightbox=\"yes\" data-elementor-lightbox-title=\"M\u00f6bel Trendfarben 2025\" data-e-action-hash=\"#elementor-action%3Aaction%3Dlightbox%26settings%3DeyJpZCI6MzEzMTEsInVybCI6Imh0dHBzOlwvXC93d3cudHJvZXNzZXIuZGVcL2Jsb2dcL3dwLWNvbnRlbnRcL3VwbG9hZHNcL3NpdGVzXC8yXC8yMDI1XC8wN1wvTW9lYmVsLVRyZW5kZmFyYmVuLTIwMjUud2VicCJ9\">\n\t\t\t\t\t\t\t<img loading=\"lazy\" decoding=\"async\" width=\"1024\" height=\"576\" src=\"https:\/\/www.troesser.de\/blog\/wp-content\/uploads\/sites\/2\/2025\/07\/Moebel-Trendfarben-2025-1024x576.webp\" class=\"attachment-large size-large wp-image-31311\" alt=\"\" srcset=\"https:\/\/www.troesser.de\/blog\/wp-content\/uploads\/sites\/2\/2025\/07\/Moebel-Trendfarben-2025-1024x576.webp 1024w, https:\/\/www.troesser.de\/blog\/wp-content\/uploads\/sites\/2\/2025\/07\/Moebel-Trendfarben-2025-300x169.webp 300w, https:\/\/www.troesser.de\/blog\/wp-content\/uploads\/sites\/2\/2025\/07\/Moebel-Trendfarben-2025-768x432.webp 768w, https:\/\/www.troesser.de\/blog\/wp-content\/uploads\/sites\/2\/2025\/07\/Moebel-Trendfarben-2025-1536x864.webp 1536w, https:\/\/www.troesser.de\/blog\/wp-content\/uploads\/sites\/2\/2025\/07\/Moebel-Trendfarben-2025.webp 1920w\" sizes=\"(max-width: 1024px) 100vw, 1024px\" \/>\t\t\t\t\t\t\t\t<\/a>\n\t\t\t\t\t\t\t\t\t\t\t<figcaption class=\"widget-image-caption wp-caption-text\"><\/figcaption>\n\t\t\t\t\t\t\t\t\t\t<\/figure>\n\t\t\t\t\t\t\t\t\t<\/div>\n\t\t\t\t<\/div>\n\t\t\t\t<div class=\"elementor-element elementor-element-77302b6 elementor-widget elementor-widget-heading\" data-id=\"77302b6\" data-element_type=\"widget\" data-e-type=\"widget\" data-widget_type=\"heading.default\">\n\t\t\t\t<div class=\"elementor-widget-container\">\n\t\t\t\t\t<h2 class=\"elementor-heading-title elementor-size-default\"><span class=\"ez-toc-section\" id=\"Mit_den_Trendfarben_2025_neuen_Glanz_in_dein_Zuhause_bringen\"><\/span>Mit den Trendfarben 2025 neuen Glanz in dein Zuhause bringen<span class=\"ez-toc-section-end\"><\/span><\/h2>\t\t\t\t<\/div>\n\t\t\t\t<\/div>\n\t\t\t\t<div class=\"elementor-element elementor-element-42db138 elementor-widget elementor-widget-text-editor\" data-id=\"42db138\" data-element_type=\"widget\" data-e-type=\"widget\" data-widget_type=\"text-editor.default\">\n\t\t\t\t<div class=\"elementor-widget-container\">\n\t\t\t\t\t\t\t\t\t<p>Der Weg zu einem frischen Wohngef\u00fchl wird ma\u00dfgeblich durch die gezielte Wahl der Trendfarben 2025 gepr\u00e4gt. Indem du diese harmonisch mit deinen Polsterm\u00f6beln kombinierst, schaffst du eine Atmosph\u00e4re, die sowohl zeitgem\u00e4\u00df als auch einladend wirkt.<\/p><p>Unsere Erfahrung als Polsterspezialist zeigt, wie individuell und ma\u00dfgeschneidert Komfort und Stil zusammenfinden k\u00f6nnen. So entstehen Lieblingspl\u00e4tze, die zum Wohlf\u00fchlen einladen und dein Zuhause in neuem Glanz erstrahlen lassen. Dabei spielt nicht nur die Farbwahl eine Rolle, sondern auch die nachhaltige Herstellung der M\u00f6bel und der gezielte Fleckenschutz, damit du lange Freude daran hast.<\/p><p>Wir begleiten dich als kompetenter Partner auf dem Weg zu deinem pers\u00f6nlichen Wohn(t)raum &#8211; denn f\u00fcr uns als Polsterm\u00f6belspezialist ist nachhaltiger Komfort und Kundenzufriedenheit das wichtigste.<\/p>\t\t\t\t\t\t\t\t<\/div>\n\t\t\t\t<\/div>\n\t\t\t\t<div class=\"elementor-element elementor-element-3e999f5 elementor-align-center elementor-widget elementor-widget-button\" data-id=\"3e999f5\" data-element_type=\"widget\" data-e-type=\"widget\" data-widget_type=\"button.default\">\n\t\t\t\t<div class=\"elementor-widget-container\">\n\t\t\t\t\t\t\t\t\t<div class=\"elementor-button-wrapper\">\n\t\t\t\t\t<a class=\"elementor-button elementor-button-link elementor-size-sm\" href=\"https:\/\/www.troesser.de\/sessel\/\">\n\t\t\t\t\t\t<span class=\"elementor-button-content-wrapper\">\n\t\t\t\t\t\t<span class=\"elementor-button-icon\">\n\t\t\t\t<svg aria-hidden=\"true\" class=\"e-font-icon-svg e-fas-shopping-cart\" viewBox=\"0 0 576 512\" xmlns=\"http:\/\/www.w3.org\/2000\/svg\"><path d=\"M528.12 301.319l47.273-208C578.806 78.301 567.391 64 551.99 64H159.208l-9.166-44.81C147.758 8.021 137.93 0 126.529 0H24C10.745 0 0 10.745 0 24v16c0 13.255 10.745 24 24 24h69.883l70.248 343.435C147.325 417.1 136 435.222 136 456c0 30.928 25.072 56 56 56s56-25.072 56-56c0-15.674-6.447-29.835-16.824-40h209.647C430.447 426.165 424 440.326 424 456c0 30.928 25.072 56 56 56s56-25.072 56-56c0-22.172-12.888-41.332-31.579-50.405l5.517-24.276c3.413-15.018-8.002-29.319-23.403-29.319H218.117l-6.545-32h293.145c11.206 0 20.92-7.754 23.403-18.681z\"><\/path><\/svg>\t\t\t<\/span>\n\t\t\t\t\t\t\t\t\t<span class=\"elementor-button-text\">Sessel im Onlineshop ansehen<\/span>\n\t\t\t\t\t<\/span>\n\t\t\t\t\t<\/a>\n\t\t\t\t<\/div>\n\t\t\t\t\t\t\t\t<\/div>\n\t\t\t\t<\/div>\n\t\t\t\t\t<\/div>\n\t\t\t\t<\/div>\n\t\t\t\t<\/div>\n\t\t","protected":false},"excerpt":{"rendered":"<p>Trendfarben 2025 &#8211; dein Zuhause in neuem Glanz \u2728 Farben haben die Kraft, R\u00e4ume vollkommen zu verwandeln &#8211; besonders, wenn es um die Trendfarben 2025 geht. Entdecke, welche Farbt\u00f6ne dein Zuhause in ein stilvolles und zugleich wundersch\u00f6nes Wohnparadies verwandeln k\u00f6nnen. Wir zeigen dir, wie du diese angesagten Farben gekonnt integrierst und dein individuelles Wohngef\u00fchl perfekt [&hellip;]<\/p>\n","protected":false},"author":7,"featured_media":31318,"comment_status":"open","ping_status":"open","sticky":false,"template":"","format":"standard","meta":{"_acf_changed":false,"footnotes":""},"categories":[125],"tags":[171,177,172,174,170,176,175,150],"coauthors":[163],"class_list":["post-31227","post","type-post","status-publish","format-standard","has-post-thumbnail","hentry","category-wohntrends","tag-171","tag-moebel-trendfarben","tag-moebeltrends","tag-top-5-trendfarben","tag-trendfarben","tag-trendfarben-2025-moebel","tag-trendfarben-2025-wohnen","tag-wohnideen"],"acf":[],"yoast_head":"<!-- This site is optimized with the Yoast SEO plugin v27.4 - https:\/\/yoast.com\/product\/yoast-seo-wordpress\/ -->\n<title>Die Trendfarben 2025 - dein Zuhause im neuen Glanz\u2728<\/title>\n<meta name=\"description\" content=\"Die Trendfarben 2025 Entdecken - M\u00f6bel ganz nach deinem Geschmack! Ob Pastellt\u00f6ne oder ausgefallene.. \u279cmehr \u00fcber Trendfarben 2025 erfahren\" \/>\n<meta name=\"robots\" content=\"index, follow, max-snippet:-1, max-image-preview:large, max-video-preview:-1\" \/>\n<link rel=\"canonical\" href=\"https:\/\/www.troesser.de\/blog\/die-trendfarben-2025-verleihe-deinem-zuhause-neuen-glanz\/\" \/>\n<meta property=\"og:locale\" content=\"de_DE\" \/>\n<meta property=\"og:type\" content=\"article\" \/>\n<meta property=\"og:title\" content=\"Die Trendfarben 2025 - dein Zuhause im neuen Glanz\u2728\" \/>\n<meta property=\"og:description\" content=\"Die Trendfarben 2025 Entdecken - M\u00f6bel ganz nach deinem Geschmack! Ob Pastellt\u00f6ne oder ausgefallene.. \u279cmehr \u00fcber Trendfarben 2025 erfahren\" \/>\n<meta property=\"og:url\" content=\"https:\/\/www.troesser.de\/blog\/die-trendfarben-2025-verleihe-deinem-zuhause-neuen-glanz\/\" \/>\n<meta property=\"og:site_name\" content=\"Tr\u00f6sser Polsterm\u00f6bel Blog\" \/>\n<meta property=\"article:publisher\" content=\"https:\/\/www.facebook.com\/Polstertroesser\" \/>\n<meta property=\"article:published_time\" content=\"2025-07-30T10:35:51+00:00\" \/>\n<meta property=\"article:modified_time\" content=\"2025-09-01T13:34:07+00:00\" \/>\n<meta property=\"og:image\" content=\"https:\/\/www.troesser.de\/blog\/wp-content\/uploads\/sites\/2\/2025\/07\/Trendfarben-2025-Header-bild.webp\" \/>\n\t<meta property=\"og:image:width\" content=\"1920\" \/>\n\t<meta property=\"og:image:height\" content=\"948\" \/>\n\t<meta property=\"og:image:type\" content=\"image\/webp\" \/>\n<meta name=\"author\" content=\"Troesser Polsterm\u00f6bel\" \/>\n<meta name=\"twitter:card\" content=\"summary_large_image\" \/>\n<meta name=\"twitter:label1\" content=\"Verfasst von\" \/>\n\t<meta name=\"twitter:data1\" content=\"Troesser Polsterm\u00f6bel\" \/>\n\t<meta name=\"twitter:label2\" content=\"Gesch\u00e4tzte Lesezeit\" \/>\n\t<meta name=\"twitter:data2\" content=\"7\u00a0Minuten\" \/>\n\t<meta name=\"twitter:label3\" content=\"Written by\" \/>\n\t<meta name=\"twitter:data3\" content=\"Troesser Polsterm\u00f6bel\" \/>\n<script type=\"application\/ld+json\" class=\"yoast-schema-graph\">{\"@context\":\"https:\\\/\\\/schema.org\",\"@graph\":[{\"@type\":\"Article\",\"@id\":\"https:\\\/\\\/www.troesser.de\\\/blog\\\/die-trendfarben-2025-verleihe-deinem-zuhause-neuen-glanz\\\/#article\",\"isPartOf\":{\"@id\":\"https:\\\/\\\/www.troesser.de\\\/blog\\\/die-trendfarben-2025-verleihe-deinem-zuhause-neuen-glanz\\\/\"},\"author\":{\"name\":\"Troesser Polsterm\u00f6bel\",\"@id\":\"https:\\\/\\\/www.troesser.de\\\/blog\\\/#\\\/schema\\\/person\\\/f08a92e83e506378bf52804a75d8880a\"},\"headline\":\"Die Trendfarben 2025 &#8211; dein Zuhause im neuen Glanz\u2728\",\"datePublished\":\"2025-07-30T10:35:51+00:00\",\"dateModified\":\"2025-09-01T13:34:07+00:00\",\"mainEntityOfPage\":{\"@id\":\"https:\\\/\\\/www.troesser.de\\\/blog\\\/die-trendfarben-2025-verleihe-deinem-zuhause-neuen-glanz\\\/\"},\"wordCount\":1001,\"commentCount\":0,\"publisher\":{\"@id\":\"https:\\\/\\\/www.troesser.de\\\/blog\\\/#organization\"},\"image\":{\"@id\":\"https:\\\/\\\/www.troesser.de\\\/blog\\\/die-trendfarben-2025-verleihe-deinem-zuhause-neuen-glanz\\\/#primaryimage\"},\"thumbnailUrl\":\"https:\\\/\\\/www.troesser.de\\\/blog\\\/wp-content\\\/uploads\\\/sites\\\/2\\\/2025\\\/07\\\/Trendfarben-2025-Header-bild.webp\",\"keywords\":[\"2025\",\"m\u00f6bel trendfarben\",\"m\u00f6beltrends\",\"top 5 trendfarben\",\"trendfarben\",\"trendfarben 2025 m\u00f6bel\",\"trendfarben 2025 wohnen\",\"wohnideen\"],\"articleSection\":[\"Wohntrends\"],\"inLanguage\":\"de\",\"potentialAction\":[{\"@type\":\"CommentAction\",\"name\":\"Comment\",\"target\":[\"https:\\\/\\\/www.troesser.de\\\/blog\\\/die-trendfarben-2025-verleihe-deinem-zuhause-neuen-glanz\\\/#respond\"]}],\"hasPart\":[{\"@type\":\"SiteNavigationElement\",\"name\":\"Table of Contents\",\"url\":\"https:\\\/\\\/www.troesser.de\\\/blog\\\/die-trendfarben-2025-verleihe-deinem-zuhause-neuen-glanz\\\/#ez-toc\",\"position\":1,\"hasPart\":[{\"@type\":\"SiteNavigationElement\",\"name\":\"Trendfarben 2025 - dein Zuhause in neuem Glanz \u2728\",\"url\":\"https:\\\/\\\/www.troesser.de\\\/blog\\\/die-trendfarben-2025-verleihe-deinem-zuhause-neuen-glanz\\\/#trendfarben-2025---dein-zuhause-in-neuem-glanz-%e2%9c%a8\",\"position\":2},{\"@type\":\"SiteNavigationElement\",\"name\":\"Farben und ihre Bedeutung f\u00fcr dein Zuhause\",\"url\":\"https:\\\/\\\/www.troesser.de\\\/blog\\\/die-trendfarben-2025-verleihe-deinem-zuhause-neuen-glanz\\\/#farben-und-ihre-bedeutung-fuer-dein-zuhause\",\"position\":3},{\"@type\":\"SiteNavigationElement\",\"name\":\"Die angesagtesten Trendfarben 2025\",\"url\":\"https:\\\/\\\/www.troesser.de\\\/blog\\\/die-trendfarben-2025-verleihe-deinem-zuhause-neuen-glanz\\\/#die-angesagtesten-trendfarben-2025\",\"position\":4},{\"@type\":\"SiteNavigationElement\",\"name\":\"Top-5 Trendfarben 2025\",\"url\":\"https:\\\/\\\/www.troesser.de\\\/blog\\\/die-trendfarben-2025-verleihe-deinem-zuhause-neuen-glanz\\\/#top-5-trendfarben-2025\",\"position\":5},{\"@type\":\"SiteNavigationElement\",\"name\":\"So integrierst du die Trendfarben 2025 in deine Wohnr\u00e4ume\",\"url\":\"https:\\\/\\\/www.troesser.de\\\/blog\\\/die-trendfarben-2025-verleihe-deinem-zuhause-neuen-glanz\\\/#so-integrierst-du-die-trendfarben-2025-in-deine-wohnraeume\",\"position\":6},{\"@type\":\"SiteNavigationElement\",\"name\":\"Materialien und Polsterm\u00f6bel in Trendfarben 2025\",\"url\":\"https:\\\/\\\/www.troesser.de\\\/blog\\\/die-trendfarben-2025-verleihe-deinem-zuhause-neuen-glanz\\\/#materialien-und-polstermoebel-in-trendfarben-2025\",\"position\":7},{\"@type\":\"SiteNavigationElement\",\"name\":\"Tipps zum Kombinieren von Trendfarben mit deinem bestehenden Mobiliar\",\"url\":\"https:\\\/\\\/www.troesser.de\\\/blog\\\/die-trendfarben-2025-verleihe-deinem-zuhause-neuen-glanz\\\/#tipps-zum-kombinieren-von-trendfarben-mit-deinem-bestehenden-mobiliar\",\"position\":8},{\"@type\":\"SiteNavigationElement\",\"name\":\"Mit den Trendfarben 2025 neuen Glanz in dein Zuhause bringen\",\"url\":\"https:\\\/\\\/www.troesser.de\\\/blog\\\/die-trendfarben-2025-verleihe-deinem-zuhause-neuen-glanz\\\/#mit-den-trendfarben-2025-neuen-glanz-in-dein-zuhause-bringen\",\"position\":9}]}]},{\"@type\":\"WebPage\",\"@id\":\"https:\\\/\\\/www.troesser.de\\\/blog\\\/die-trendfarben-2025-verleihe-deinem-zuhause-neuen-glanz\\\/\",\"url\":\"https:\\\/\\\/www.troesser.de\\\/blog\\\/die-trendfarben-2025-verleihe-deinem-zuhause-neuen-glanz\\\/\",\"name\":\"Die Trendfarben 2025 - dein Zuhause im neuen Glanz\u2728\",\"isPartOf\":{\"@id\":\"https:\\\/\\\/www.troesser.de\\\/blog\\\/#website\"},\"primaryImageOfPage\":{\"@id\":\"https:\\\/\\\/www.troesser.de\\\/blog\\\/die-trendfarben-2025-verleihe-deinem-zuhause-neuen-glanz\\\/#primaryimage\"},\"image\":{\"@id\":\"https:\\\/\\\/www.troesser.de\\\/blog\\\/die-trendfarben-2025-verleihe-deinem-zuhause-neuen-glanz\\\/#primaryimage\"},\"thumbnailUrl\":\"https:\\\/\\\/www.troesser.de\\\/blog\\\/wp-content\\\/uploads\\\/sites\\\/2\\\/2025\\\/07\\\/Trendfarben-2025-Header-bild.webp\",\"datePublished\":\"2025-07-30T10:35:51+00:00\",\"dateModified\":\"2025-09-01T13:34:07+00:00\",\"description\":\"Die Trendfarben 2025 Entdecken - M\u00f6bel ganz nach deinem Geschmack! Ob Pastellt\u00f6ne oder ausgefallene.. \u279cmehr \u00fcber Trendfarben 2025 erfahren\",\"breadcrumb\":{\"@id\":\"https:\\\/\\\/www.troesser.de\\\/blog\\\/die-trendfarben-2025-verleihe-deinem-zuhause-neuen-glanz\\\/#breadcrumb\"},\"inLanguage\":\"de\",\"potentialAction\":[{\"@type\":\"ReadAction\",\"target\":[\"https:\\\/\\\/www.troesser.de\\\/blog\\\/die-trendfarben-2025-verleihe-deinem-zuhause-neuen-glanz\\\/\"]}]},{\"@type\":\"ImageObject\",\"inLanguage\":\"de\",\"@id\":\"https:\\\/\\\/www.troesser.de\\\/blog\\\/die-trendfarben-2025-verleihe-deinem-zuhause-neuen-glanz\\\/#primaryimage\",\"url\":\"https:\\\/\\\/www.troesser.de\\\/blog\\\/wp-content\\\/uploads\\\/sites\\\/2\\\/2025\\\/07\\\/Trendfarben-2025-Header-bild.webp\",\"contentUrl\":\"https:\\\/\\\/www.troesser.de\\\/blog\\\/wp-content\\\/uploads\\\/sites\\\/2\\\/2025\\\/07\\\/Trendfarben-2025-Header-bild.webp\",\"width\":1920,\"height\":948,\"caption\":\"Trendfarben 2025 Header bild\"},{\"@type\":\"BreadcrumbList\",\"@id\":\"https:\\\/\\\/www.troesser.de\\\/blog\\\/die-trendfarben-2025-verleihe-deinem-zuhause-neuen-glanz\\\/#breadcrumb\",\"itemListElement\":[{\"@type\":\"ListItem\",\"position\":1,\"name\":\"Startseite\",\"item\":\"https:\\\/\\\/www.troesser.de\\\/blog\\\/\"},{\"@type\":\"ListItem\",\"position\":2,\"name\":\"Wohntrends\",\"item\":\"https:\\\/\\\/www.troesser.de\\\/blog\\\/kategorie\\\/wohntrends\\\/\"},{\"@type\":\"ListItem\",\"position\":3,\"name\":\"Die Trendfarben 2025 &#8211; dein Zuhause im neuen Glanz\u2728\"}]},{\"@type\":\"WebSite\",\"@id\":\"https:\\\/\\\/www.troesser.de\\\/blog\\\/#website\",\"url\":\"https:\\\/\\\/www.troesser.de\\\/blog\\\/\",\"name\":\"TR\u00d6SSER \u22c6 der Polsterm\u00f6belspezialist\",\"description\":\"Hier entstehen Wohnideen\",\"publisher\":{\"@id\":\"https:\\\/\\\/www.troesser.de\\\/blog\\\/#organization\"},\"potentialAction\":[{\"@type\":\"SearchAction\",\"target\":{\"@type\":\"EntryPoint\",\"urlTemplate\":\"https:\\\/\\\/www.troesser.de\\\/blog\\\/?s={search_term_string}\"},\"query-input\":{\"@type\":\"PropertyValueSpecification\",\"valueRequired\":true,\"valueName\":\"search_term_string\"}}],\"inLanguage\":\"de\"},{\"@type\":\"Organization\",\"@id\":\"https:\\\/\\\/www.troesser.de\\\/blog\\\/#organization\",\"name\":\"Uni-Polster Verwaltung GmbH & Tr\u00f6sser Co. KG\",\"alternateName\":\"TR\u00d6SSER \u22c6 der Polsterm\u00f6belspezialist\",\"url\":\"https:\\\/\\\/www.troesser.de\\\/blog\\\/\",\"logo\":{\"@type\":\"ImageObject\",\"inLanguage\":\"de\",\"@id\":\"https:\\\/\\\/www.troesser.de\\\/blog\\\/#\\\/schema\\\/logo\\\/image\\\/\",\"url\":\"https:\\\/\\\/www.troesser.de\\\/blog\\\/wp-content\\\/uploads\\\/sites\\\/2\\\/2025\\\/05\\\/troesser-logo.png\",\"contentUrl\":\"https:\\\/\\\/www.troesser.de\\\/blog\\\/wp-content\\\/uploads\\\/sites\\\/2\\\/2025\\\/05\\\/troesser-logo.png\",\"width\":612,\"height\":425,\"caption\":\"Uni-Polster Verwaltung GmbH & Tr\u00f6sser Co. KG\"},\"image\":{\"@id\":\"https:\\\/\\\/www.troesser.de\\\/blog\\\/#\\\/schema\\\/logo\\\/image\\\/\"},\"sameAs\":[\"https:\\\/\\\/www.facebook.com\\\/Polstertroesser\",\"https:\\\/\\\/www.instagram.com\\\/troesser_polsterspezialist\\\/\"]},{\"@type\":\"Person\",\"@id\":\"https:\\\/\\\/www.troesser.de\\\/blog\\\/#\\\/schema\\\/person\\\/f08a92e83e506378bf52804a75d8880a\",\"name\":\"Troesser Polsterm\u00f6bel\",\"image\":{\"@type\":\"ImageObject\",\"inLanguage\":\"de\",\"@id\":\"https:\\\/\\\/secure.gravatar.com\\\/avatar\\\/4227729f29762c8b158555a4180f8de8b0167aa987bbaa365d6d936d582c4284?s=96&d=https%3A%2F%2Fwww.troesser.de%2Fblog%2Fwp-content%2Fuploads%2Fsites%2F2%2F2025%2F05%2Fcropped-troesser-logo-150x150.png&r=gbf055b0fb1259abb693b673df26f6b74\",\"url\":\"https:\\\/\\\/secure.gravatar.com\\\/avatar\\\/4227729f29762c8b158555a4180f8de8b0167aa987bbaa365d6d936d582c4284?s=96&d=https%3A%2F%2Fwww.troesser.de%2Fblog%2Fwp-content%2Fuploads%2Fsites%2F2%2F2025%2F05%2Fcropped-troesser-logo-150x150.png&r=g\",\"contentUrl\":\"https:\\\/\\\/secure.gravatar.com\\\/avatar\\\/4227729f29762c8b158555a4180f8de8b0167aa987bbaa365d6d936d582c4284?s=96&d=https%3A%2F%2Fwww.troesser.de%2Fblog%2Fwp-content%2Fuploads%2Fsites%2F2%2F2025%2F05%2Fcropped-troesser-logo-150x150.png&r=g\",\"caption\":\"Troesser Polsterm\u00f6bel\"},\"url\":\"https:\\\/\\\/www.troesser.de\\\/blog\\\/author\\\/troesser\\\/\"}]}<\/script>\n<!-- \/ Yoast SEO plugin. -->","yoast_head_json":{"title":"Die Trendfarben 2025 - dein Zuhause im neuen Glanz\u2728","description":"Die Trendfarben 2025 Entdecken - M\u00f6bel ganz nach deinem Geschmack! Ob Pastellt\u00f6ne oder ausgefallene.. \u279cmehr \u00fcber Trendfarben 2025 erfahren","robots":{"index":"index","follow":"follow","max-snippet":"max-snippet:-1","max-image-preview":"max-image-preview:large","max-video-preview":"max-video-preview:-1"},"canonical":"https:\/\/www.troesser.de\/blog\/die-trendfarben-2025-verleihe-deinem-zuhause-neuen-glanz\/","og_locale":"de_DE","og_type":"article","og_title":"Die Trendfarben 2025 - dein Zuhause im neuen Glanz\u2728","og_description":"Die Trendfarben 2025 Entdecken - M\u00f6bel ganz nach deinem Geschmack! Ob Pastellt\u00f6ne oder ausgefallene.. \u279cmehr \u00fcber Trendfarben 2025 erfahren","og_url":"https:\/\/www.troesser.de\/blog\/die-trendfarben-2025-verleihe-deinem-zuhause-neuen-glanz\/","og_site_name":"Tr\u00f6sser Polsterm\u00f6bel Blog","article_publisher":"https:\/\/www.facebook.com\/Polstertroesser","article_published_time":"2025-07-30T10:35:51+00:00","article_modified_time":"2025-09-01T13:34:07+00:00","og_image":[{"width":1920,"height":948,"url":"https:\/\/www.troesser.de\/blog\/wp-content\/uploads\/sites\/2\/2025\/07\/Trendfarben-2025-Header-bild.webp","type":"image\/webp"}],"author":"Troesser Polsterm\u00f6bel","twitter_card":"summary_large_image","twitter_misc":{"Verfasst von":"Troesser Polsterm\u00f6bel","Gesch\u00e4tzte Lesezeit":"7\u00a0Minuten","Written by":"Troesser Polsterm\u00f6bel"},"schema":{"@context":"https:\/\/schema.org","@graph":[{"@type":"Article","@id":"https:\/\/www.troesser.de\/blog\/die-trendfarben-2025-verleihe-deinem-zuhause-neuen-glanz\/#article","isPartOf":{"@id":"https:\/\/www.troesser.de\/blog\/die-trendfarben-2025-verleihe-deinem-zuhause-neuen-glanz\/"},"author":{"name":"Troesser Polsterm\u00f6bel","@id":"https:\/\/www.troesser.de\/blog\/#\/schema\/person\/f08a92e83e506378bf52804a75d8880a"},"headline":"Die Trendfarben 2025 &#8211; dein Zuhause im neuen Glanz\u2728","datePublished":"2025-07-30T10:35:51+00:00","dateModified":"2025-09-01T13:34:07+00:00","mainEntityOfPage":{"@id":"https:\/\/www.troesser.de\/blog\/die-trendfarben-2025-verleihe-deinem-zuhause-neuen-glanz\/"},"wordCount":1001,"commentCount":0,"publisher":{"@id":"https:\/\/www.troesser.de\/blog\/#organization"},"image":{"@id":"https:\/\/www.troesser.de\/blog\/die-trendfarben-2025-verleihe-deinem-zuhause-neuen-glanz\/#primaryimage"},"thumbnailUrl":"https:\/\/www.troesser.de\/blog\/wp-content\/uploads\/sites\/2\/2025\/07\/Trendfarben-2025-Header-bild.webp","keywords":["2025","m\u00f6bel trendfarben","m\u00f6beltrends","top 5 trendfarben","trendfarben","trendfarben 2025 m\u00f6bel","trendfarben 2025 wohnen","wohnideen"],"articleSection":["Wohntrends"],"inLanguage":"de","potentialAction":[{"@type":"CommentAction","name":"Comment","target":["https:\/\/www.troesser.de\/blog\/die-trendfarben-2025-verleihe-deinem-zuhause-neuen-glanz\/#respond"]}],"hasPart":[{"@type":"SiteNavigationElement","name":"Table of Contents","url":"https:\/\/www.troesser.de\/blog\/die-trendfarben-2025-verleihe-deinem-zuhause-neuen-glanz\/#ez-toc","position":1,"hasPart":[{"@type":"SiteNavigationElement","name":"Trendfarben 2025 - dein Zuhause in neuem Glanz \u2728","url":"https:\/\/www.troesser.de\/blog\/die-trendfarben-2025-verleihe-deinem-zuhause-neuen-glanz\/#trendfarben-2025---dein-zuhause-in-neuem-glanz-%e2%9c%a8","position":2},{"@type":"SiteNavigationElement","name":"Farben und ihre Bedeutung f\u00fcr dein Zuhause","url":"https:\/\/www.troesser.de\/blog\/die-trendfarben-2025-verleihe-deinem-zuhause-neuen-glanz\/#farben-und-ihre-bedeutung-fuer-dein-zuhause","position":3},{"@type":"SiteNavigationElement","name":"Die angesagtesten Trendfarben 2025","url":"https:\/\/www.troesser.de\/blog\/die-trendfarben-2025-verleihe-deinem-zuhause-neuen-glanz\/#die-angesagtesten-trendfarben-2025","position":4},{"@type":"SiteNavigationElement","name":"Top-5 Trendfarben 2025","url":"https:\/\/www.troesser.de\/blog\/die-trendfarben-2025-verleihe-deinem-zuhause-neuen-glanz\/#top-5-trendfarben-2025","position":5},{"@type":"SiteNavigationElement","name":"So integrierst du die Trendfarben 2025 in deine Wohnr\u00e4ume","url":"https:\/\/www.troesser.de\/blog\/die-trendfarben-2025-verleihe-deinem-zuhause-neuen-glanz\/#so-integrierst-du-die-trendfarben-2025-in-deine-wohnraeume","position":6},{"@type":"SiteNavigationElement","name":"Materialien und Polsterm\u00f6bel in Trendfarben 2025","url":"https:\/\/www.troesser.de\/blog\/die-trendfarben-2025-verleihe-deinem-zuhause-neuen-glanz\/#materialien-und-polstermoebel-in-trendfarben-2025","position":7},{"@type":"SiteNavigationElement","name":"Tipps zum Kombinieren von Trendfarben mit deinem bestehenden Mobiliar","url":"https:\/\/www.troesser.de\/blog\/die-trendfarben-2025-verleihe-deinem-zuhause-neuen-glanz\/#tipps-zum-kombinieren-von-trendfarben-mit-deinem-bestehenden-mobiliar","position":8},{"@type":"SiteNavigationElement","name":"Mit den Trendfarben 2025 neuen Glanz in dein Zuhause bringen","url":"https:\/\/www.troesser.de\/blog\/die-trendfarben-2025-verleihe-deinem-zuhause-neuen-glanz\/#mit-den-trendfarben-2025-neuen-glanz-in-dein-zuhause-bringen","position":9}]}]},{"@type":"WebPage","@id":"https:\/\/www.troesser.de\/blog\/die-trendfarben-2025-verleihe-deinem-zuhause-neuen-glanz\/","url":"https:\/\/www.troesser.de\/blog\/die-trendfarben-2025-verleihe-deinem-zuhause-neuen-glanz\/","name":"Die Trendfarben 2025 - dein Zuhause im neuen Glanz\u2728","isPartOf":{"@id":"https:\/\/www.troesser.de\/blog\/#website"},"primaryImageOfPage":{"@id":"https:\/\/www.troesser.de\/blog\/die-trendfarben-2025-verleihe-deinem-zuhause-neuen-glanz\/#primaryimage"},"image":{"@id":"https:\/\/www.troesser.de\/blog\/die-trendfarben-2025-verleihe-deinem-zuhause-neuen-glanz\/#primaryimage"},"thumbnailUrl":"https:\/\/www.troesser.de\/blog\/wp-content\/uploads\/sites\/2\/2025\/07\/Trendfarben-2025-Header-bild.webp","datePublished":"2025-07-30T10:35:51+00:00","dateModified":"2025-09-01T13:34:07+00:00","description":"Die Trendfarben 2025 Entdecken - M\u00f6bel ganz nach deinem Geschmack! Ob Pastellt\u00f6ne oder ausgefallene.. \u279cmehr \u00fcber Trendfarben 2025 erfahren","breadcrumb":{"@id":"https:\/\/www.troesser.de\/blog\/die-trendfarben-2025-verleihe-deinem-zuhause-neuen-glanz\/#breadcrumb"},"inLanguage":"de","potentialAction":[{"@type":"ReadAction","target":["https:\/\/www.troesser.de\/blog\/die-trendfarben-2025-verleihe-deinem-zuhause-neuen-glanz\/"]}]},{"@type":"ImageObject","inLanguage":"de","@id":"https:\/\/www.troesser.de\/blog\/die-trendfarben-2025-verleihe-deinem-zuhause-neuen-glanz\/#primaryimage","url":"https:\/\/www.troesser.de\/blog\/wp-content\/uploads\/sites\/2\/2025\/07\/Trendfarben-2025-Header-bild.webp","contentUrl":"https:\/\/www.troesser.de\/blog\/wp-content\/uploads\/sites\/2\/2025\/07\/Trendfarben-2025-Header-bild.webp","width":1920,"height":948,"caption":"Trendfarben 2025 Header bild"},{"@type":"BreadcrumbList","@id":"https:\/\/www.troesser.de\/blog\/die-trendfarben-2025-verleihe-deinem-zuhause-neuen-glanz\/#breadcrumb","itemListElement":[{"@type":"ListItem","position":1,"name":"Startseite","item":"https:\/\/www.troesser.de\/blog\/"},{"@type":"ListItem","position":2,"name":"Wohntrends","item":"https:\/\/www.troesser.de\/blog\/kategorie\/wohntrends\/"},{"@type":"ListItem","position":3,"name":"Die Trendfarben 2025 &#8211; dein Zuhause im neuen Glanz\u2728"}]},{"@type":"WebSite","@id":"https:\/\/www.troesser.de\/blog\/#website","url":"https:\/\/www.troesser.de\/blog\/","name":"TR\u00d6SSER \u22c6 der Polsterm\u00f6belspezialist","description":"Hier entstehen Wohnideen","publisher":{"@id":"https:\/\/www.troesser.de\/blog\/#organization"},"potentialAction":[{"@type":"SearchAction","target":{"@type":"EntryPoint","urlTemplate":"https:\/\/www.troesser.de\/blog\/?s={search_term_string}"},"query-input":{"@type":"PropertyValueSpecification","valueRequired":true,"valueName":"search_term_string"}}],"inLanguage":"de"},{"@type":"Organization","@id":"https:\/\/www.troesser.de\/blog\/#organization","name":"Uni-Polster Verwaltung GmbH & Tr\u00f6sser Co. KG","alternateName":"TR\u00d6SSER \u22c6 der Polsterm\u00f6belspezialist","url":"https:\/\/www.troesser.de\/blog\/","logo":{"@type":"ImageObject","inLanguage":"de","@id":"https:\/\/www.troesser.de\/blog\/#\/schema\/logo\/image\/","url":"https:\/\/www.troesser.de\/blog\/wp-content\/uploads\/sites\/2\/2025\/05\/troesser-logo.png","contentUrl":"https:\/\/www.troesser.de\/blog\/wp-content\/uploads\/sites\/2\/2025\/05\/troesser-logo.png","width":612,"height":425,"caption":"Uni-Polster Verwaltung GmbH & Tr\u00f6sser Co. KG"},"image":{"@id":"https:\/\/www.troesser.de\/blog\/#\/schema\/logo\/image\/"},"sameAs":["https:\/\/www.facebook.com\/Polstertroesser","https:\/\/www.instagram.com\/troesser_polsterspezialist\/"]},{"@type":"Person","@id":"https:\/\/www.troesser.de\/blog\/#\/schema\/person\/f08a92e83e506378bf52804a75d8880a","name":"Troesser Polsterm\u00f6bel","image":{"@type":"ImageObject","inLanguage":"de","@id":"https:\/\/secure.gravatar.com\/avatar\/4227729f29762c8b158555a4180f8de8b0167aa987bbaa365d6d936d582c4284?s=96&d=https%3A%2F%2Fwww.troesser.de%2Fblog%2Fwp-content%2Fuploads%2Fsites%2F2%2F2025%2F05%2Fcropped-troesser-logo-150x150.png&r=gbf055b0fb1259abb693b673df26f6b74","url":"https:\/\/secure.gravatar.com\/avatar\/4227729f29762c8b158555a4180f8de8b0167aa987bbaa365d6d936d582c4284?s=96&d=https%3A%2F%2Fwww.troesser.de%2Fblog%2Fwp-content%2Fuploads%2Fsites%2F2%2F2025%2F05%2Fcropped-troesser-logo-150x150.png&r=g","contentUrl":"https:\/\/secure.gravatar.com\/avatar\/4227729f29762c8b158555a4180f8de8b0167aa987bbaa365d6d936d582c4284?s=96&d=https%3A%2F%2Fwww.troesser.de%2Fblog%2Fwp-content%2Fuploads%2Fsites%2F2%2F2025%2F05%2Fcropped-troesser-logo-150x150.png&r=g","caption":"Troesser Polsterm\u00f6bel"},"url":"https:\/\/www.troesser.de\/blog\/author\/troesser\/"}]}},"_links":{"self":[{"href":"https:\/\/www.troesser.de\/blog\/wp-json\/wp\/v2\/posts\/31227","targetHints":{"allow":["GET"]}}],"collection":[{"href":"https:\/\/www.troesser.de\/blog\/wp-json\/wp\/v2\/posts"}],"about":[{"href":"https:\/\/www.troesser.de\/blog\/wp-json\/wp\/v2\/types\/post"}],"author":[{"embeddable":true,"href":"https:\/\/www.troesser.de\/blog\/wp-json\/wp\/v2\/users\/7"}],"replies":[{"embeddable":true,"href":"https:\/\/www.troesser.de\/blog\/wp-json\/wp\/v2\/comments?post=31227"}],"version-history":[{"count":30,"href":"https:\/\/www.troesser.de\/blog\/wp-json\/wp\/v2\/posts\/31227\/revisions"}],"predecessor-version":[{"id":31351,"href":"https:\/\/www.troesser.de\/blog\/wp-json\/wp\/v2\/posts\/31227\/revisions\/31351"}],"wp:featuredmedia":[{"embeddable":true,"href":"https:\/\/www.troesser.de\/blog\/wp-json\/wp\/v2\/media\/31318"}],"wp:attachment":[{"href":"https:\/\/www.troesser.de\/blog\/wp-json\/wp\/v2\/media?parent=31227"}],"wp:term":[{"taxonomy":"category","embeddable":true,"href":"https:\/\/www.troesser.de\/blog\/wp-json\/wp\/v2\/categories?post=31227"},{"taxonomy":"post_tag","embeddable":true,"href":"https:\/\/www.troesser.de\/blog\/wp-json\/wp\/v2\/tags?post=31227"},{"taxonomy":"author","embeddable":true,"href":"https:\/\/www.troesser.de\/blog\/wp-json\/wp\/v2\/coauthors?post=31227"}],"curies":[{"name":"wp","href":"https:\/\/api.w.org\/{rel}","templated":true}]}}