{"id":30110,"date":"2025-07-07T11:09:55","date_gmt":"2025-07-07T09:09:55","guid":{"rendered":"https:\/\/www.uni-polster.de\/blog\/?p=30110"},"modified":"2025-07-29T16:09:50","modified_gmt":"2025-07-29T14:09:50","slug":"leder-in-all-seiner-vielfalt","status":"publish","type":"post","link":"https:\/\/www.troesser.de\/blog\/leder-in-all-seiner-vielfalt\/","title":{"rendered":"Leder in all seiner Vielfalt"},"content":{"rendered":"\t\t<div data-elementor-type=\"wp-post\" data-elementor-id=\"30110\" class=\"elementor elementor-30110\">\n\t\t\t\t\t\t<section class=\"elementor-section elementor-top-section elementor-element elementor-element-32c1874 elementor-section-boxed elementor-section-height-default elementor-section-height-default\" data-id=\"32c1874\" data-element_type=\"section\" data-e-type=\"section\">\n\t\t\t\t\t\t<div class=\"elementor-container elementor-column-gap-default\">\n\t\t\t\t\t<div class=\"elementor-column elementor-col-100 elementor-top-column elementor-element elementor-element-faed38e\" data-id=\"faed38e\" data-element_type=\"column\" data-e-type=\"column\">\n\t\t\t<div class=\"elementor-widget-wrap elementor-element-populated\">\n\t\t\t\t\t\t<div class=\"elementor-element elementor-element-ab3d4a3 elementor-widget elementor-widget-text-editor\" data-id=\"ab3d4a3\" data-element_type=\"widget\" data-e-type=\"widget\" data-widget_type=\"text-editor.default\">\n\t\t\t\t<div class=\"elementor-widget-container\">\n\t\t\t\t\t\t\t\t\t<p>Leder in all seiner Vielfalt &#8211; Nichts strahlt mehr W\u00e4rme und Gem\u00fctlichkeit aus als <strong>Polsterm\u00f6bel mit Lederbezug<\/strong>. Leder ist das perfekte Material, wenn es um Polster geht, denn es ist langlebig, strapazierf\u00e4hig und pflegeleicht. All das sind wichtige Faktoren bei der Wahl eines Polsters \u2013 schlie\u00dflich m\u00f6chte man lange Freude am begehrten Objekt haben. Doch Leder ist nicht immer gleich Leder. Es gibt die unterschiedlichsten Lederarten, die sich nicht nur in der Optik unterscheiden, sondern auch ganz individuelle Vor- und Nachteile aufweisen. Wir bieten eine riesige Auswahl an Design-Polstern aus Leder.<\/p>\t\t\t\t\t\t\t\t<\/div>\n\t\t\t\t<\/div>\n\t\t\t\t<div class=\"elementor-element elementor-element-f859f5c elementor-widget elementor-widget-heading\" data-id=\"f859f5c\" data-element_type=\"widget\" data-e-type=\"widget\" data-widget_type=\"heading.default\">\n\t\t\t\t<div class=\"elementor-widget-container\">\n\t\t\t\t\t<h2 class=\"elementor-heading-title elementor-size-default\"><span class=\"ez-toc-section\" id=\"Leder_Exklusiv_und_ausdrucksstark\"><\/span>Leder: Exklusiv und ausdrucksstark<span class=\"ez-toc-section-end\"><\/span><\/h2>\t\t\t\t<\/div>\n\t\t\t\t<\/div>\n\t\t\t\t<div class=\"elementor-element elementor-element-c25c863 elementor-widget elementor-widget-image\" data-id=\"c25c863\" data-element_type=\"widget\" data-e-type=\"widget\" data-widget_type=\"image.default\">\n\t\t\t\t<div class=\"elementor-widget-container\">\n\t\t\t\t\t\t\t\t\t\t\t\t\t\t\t\t<a href=\"https:\/\/www.troesser.de\/blog\/wp-content\/uploads\/sites\/2\/2025\/07\/Pigmentiertes-Leder.jpg\" data-elementor-open-lightbox=\"yes\" data-elementor-lightbox-title=\"Pigmentiertes Leder\" data-e-action-hash=\"#elementor-action%3Aaction%3Dlightbox%26settings%3DeyJpZCI6MzA3MjcsInVybCI6Imh0dHBzOlwvXC93d3cudHJvZXNzZXIuZGVcL2Jsb2dcL3dwLWNvbnRlbnRcL3VwbG9hZHNcL3NpdGVzXC8yXC8yMDI1XC8wN1wvUGlnbWVudGllcnRlcy1MZWRlci5qcGcifQ%3D%3D\">\n\t\t\t\t\t\t\t<img fetchpriority=\"high\" decoding=\"async\" width=\"768\" height=\"512\" src=\"\" class=\"attachment-jkd-wide-size-medium size-jkd-wide-size-medium wp-image-30727 lqip\" alt=\"Pigmentiertes Leder\" srcset=\"\" sizes=\"(max-width: 768px) 100vw, 768px\" data-lqip=\"https:\/\/www.troesser.de\/blog\/wp-content\/uploads\/sites\/2\/2025\/07\/Pigmentiertes-Leder-153x102.jpg\" data-src=\"https:\/\/www.troesser.de\/blog\/wp-content\/uploads\/sites\/2\/2025\/07\/Pigmentiertes-Leder-768x512.jpg\" data-srcset=\"https:\/\/www.troesser.de\/blog\/wp-content\/uploads\/sites\/2\/2025\/07\/Pigmentiertes-Leder-768x512.jpg 768w, https:\/\/www.troesser.de\/blog\/wp-content\/uploads\/sites\/2\/2025\/07\/Pigmentiertes-Leder-300x200.jpg 300w, https:\/\/www.troesser.de\/blog\/wp-content\/uploads\/sites\/2\/2025\/07\/Pigmentiertes-Leder-540x360.jpg 540w, https:\/\/www.troesser.de\/blog\/wp-content\/uploads\/sites\/2\/2025\/07\/Pigmentiertes-Leder-1024x683.jpg 1024w, https:\/\/www.troesser.de\/blog\/wp-content\/uploads\/sites\/2\/2025\/07\/Pigmentiertes-Leder-1440x960.jpg 1440w, https:\/\/www.troesser.de\/blog\/wp-content\/uploads\/sites\/2\/2025\/07\/Pigmentiertes-Leder-1920x1280.jpg 1920w, https:\/\/www.troesser.de\/blog\/wp-content\/uploads\/sites\/2\/2025\/07\/Pigmentiertes-Leder-64x43.jpg 64w, https:\/\/www.troesser.de\/blog\/wp-content\/uploads\/sites\/2\/2025\/07\/Pigmentiertes-Leder-108x72.jpg 108w, https:\/\/www.troesser.de\/blog\/wp-content\/uploads\/sites\/2\/2025\/07\/Pigmentiertes-Leder-153x102.jpg 153w, https:\/\/www.troesser.de\/blog\/wp-content\/uploads\/sites\/2\/2025\/07\/Pigmentiertes-Leder-204x136.jpg 204w, https:\/\/www.troesser.de\/blog\/wp-content\/uploads\/sites\/2\/2025\/07\/Pigmentiertes-Leder-288x192.jpg 288w, https:\/\/www.troesser.de\/blog\/wp-content\/uploads\/sites\/2\/2025\/07\/Pigmentiertes-Leder-384x256.jpg 384w\" \/>\t\t\t\t\t\t\t\t<\/a>\n\t\t\t\t\t\t\t\t\t\t\t\t\t\t\t<\/div>\n\t\t\t\t<\/div>\n\t\t\t\t<div class=\"elementor-element elementor-element-4602991 elementor-widget elementor-widget-heading\" data-id=\"4602991\" data-element_type=\"widget\" data-e-type=\"widget\" data-widget_type=\"heading.default\">\n\t\t\t\t<div class=\"elementor-widget-container\">\n\t\t\t\t\t<h2 class=\"elementor-heading-title elementor-size-default\"><span class=\"ez-toc-section\" id=\"Glatt_und_elegant_so_schoen_kann_Leder_sein\"><\/span>Glatt und elegant: so sch\u00f6n kann Leder sein<span class=\"ez-toc-section-end\"><\/span><\/h2>\t\t\t\t<\/div>\n\t\t\t\t<\/div>\n\t\t\t\t<div class=\"elementor-element elementor-element-addddc5 elementor-widget elementor-widget-text-editor\" data-id=\"addddc5\" data-element_type=\"widget\" data-e-type=\"widget\" data-widget_type=\"text-editor.default\">\n\t\t\t\t<div class=\"elementor-widget-container\">\n\t\t\t\t\t\t\t\t\t<p>Sogenanntes Glattleder ist besonders vielseitig und daher \u00e4u\u00dferst beliebt in der M\u00f6belbranche. Je nach Lederart und Nachbehandlung variiert die Oberfl\u00e4che des Glattleders. Sie kann starknarbig oder flachnarbig sein, matt oder gl\u00e4nzend. In der Regel verwenden die Hersteller hier besonders robustes Rindsleder, denn es ist zum einen sehr strapazierf\u00e4hig und zum anderen sehr vielseitig in der Verarbeitung.<\/p>\n<p>Es l\u00e4sst sich leicht einf\u00e4rben und bietet dadurch eine gro\u00dfe Bandbreite an M\u00f6glichkeiten, wenn es um das Design geht. Zudem ist es besonders pflegeleicht, sodass Lederfans keine Sorge haben m\u00fcssen, wenn Kinder oder Haustiere im Haushalt sind.<\/p>\t\t\t\t\t\t\t\t<\/div>\n\t\t\t\t<\/div>\n\t\t\t\t<div class=\"elementor-element elementor-element-5ba3734 elementor-widget elementor-widget-image\" data-id=\"5ba3734\" data-element_type=\"widget\" data-e-type=\"widget\" data-widget_type=\"image.default\">\n\t\t\t\t<div class=\"elementor-widget-container\">\n\t\t\t\t\t\t\t\t\t\t\t\t<figure class=\"wp-caption\">\n\t\t\t\t\t\t\t\t\t\t\t<a href=\"https:\/\/www.troesser.de\/blog\/wp-content\/uploads\/sites\/2\/2025\/05\/Header-Content-1.jpg\" data-elementor-open-lightbox=\"yes\" data-elementor-lightbox-title=\"Leder in all seiner Vielfalt\" data-e-action-hash=\"#elementor-action%3Aaction%3Dlightbox%26settings%3DeyJpZCI6MjMsInVybCI6Imh0dHBzOlwvXC93d3cudHJvZXNzZXIuZGVcL2Jsb2dcL3dwLWNvbnRlbnRcL3VwbG9hZHNcL3NpdGVzXC8yXC8yMDI1XC8wNVwvSGVhZGVyLUNvbnRlbnQtMS5qcGcifQ%3D%3D\">\n\t\t\t\t\t\t\t<img decoding=\"async\" width=\"768\" height=\"251\" src=\"\" class=\"attachment-jkd-wide-size-medium size-jkd-wide-size-medium wp-image-23 lqip\" alt=\"Leder in all seiner Vielfalt\" srcset=\"\" sizes=\"(max-width: 768px) 100vw, 768px\" data-lqip=\"https:\/\/www.troesser.de\/blog\/wp-content\/uploads\/sites\/2\/2025\/05\/Header-Content-1.jpg\" data-src=\"https:\/\/www.troesser.de\/blog\/wp-content\/uploads\/sites\/2\/2025\/05\/Header-Content-1.jpg\" data-srcset=\"https:\/\/www.troesser.de\/blog\/wp-content\/uploads\/sites\/2\/2025\/05\/Header-Content-1.jpg 1440w, https:\/\/www.troesser.de\/blog\/wp-content\/uploads\/sites\/2\/2025\/05\/Header-Content-1-300x98.jpg 300w, https:\/\/www.troesser.de\/blog\/wp-content\/uploads\/sites\/2\/2025\/05\/Header-Content-1-1024x334.jpg 1024w, https:\/\/www.troesser.de\/blog\/wp-content\/uploads\/sites\/2\/2025\/05\/Header-Content-1-768x251.jpg 768w\" \/>\t\t\t\t\t\t\t\t<\/a>\n\t\t\t\t\t\t\t\t\t\t\t<figcaption class=\"widget-image-caption wp-caption-text\">Leder in all seiner Vielfalt<\/figcaption>\n\t\t\t\t\t\t\t\t\t\t<\/figure>\n\t\t\t\t\t\t\t\t\t<\/div>\n\t\t\t\t<\/div>\n\t\t\t\t<div class=\"elementor-element elementor-element-9989e4f elementor-widget elementor-widget-heading\" data-id=\"9989e4f\" data-element_type=\"widget\" data-e-type=\"widget\" data-widget_type=\"heading.default\">\n\t\t\t\t<div class=\"elementor-widget-container\">\n\t\t\t\t\t<h2 class=\"elementor-heading-title elementor-size-default\"><span class=\"ez-toc-section\" id=\"Leder_in_all_seiner_Vielfalt_das_Rauleder\"><\/span>Leder in all seiner Vielfalt: das Rauleder<span class=\"ez-toc-section-end\"><\/span><\/h2>\t\t\t\t<\/div>\n\t\t\t\t<\/div>\n\t\t\t\t<div class=\"elementor-element elementor-element-b369848 elementor-widget elementor-widget-text-editor\" data-id=\"b369848\" data-element_type=\"widget\" data-e-type=\"widget\" data-widget_type=\"text-editor.default\">\n\t\t\t\t<div class=\"elementor-widget-container\">\n\t\t\t\t\t\t\t\t\t<p>M\u00f6gliche Rauleder-Arten sind Wildleder, Nubukleder sowie Veloursleder. <strong>Charakteristisch<\/strong> f\u00fcr diese Leder Art <strong>ist eine aufgeraute und samtig weiche Oberfl\u00e4chenstruktur<\/strong>, die zugleich besonders atmungsaktiv ist. Durch die aufgeraute Oberfl\u00e4che f\u00fchlen sich die Polster besonders warm an. Ihre angenehme Struktur l\u00e4sst sie sehr edel wirken, sodass Polsterm\u00f6bel aus Rauleder in jedem Raum die Blicke auf sich ziehen.<\/p><p>Besonders stilvoll wirkt dieses Leder bei Boxspringbetten. Einen exklusiveren Look gibt es nicht. Im Vergleich zum Glattleder ist Rauleder durch die angeraute Oberfl\u00e4che allerdings besonders pflegeintensiv &#8211; M\u00fche, die sich allerdings lohnt.<\/p>\t\t\t\t\t\t\t\t<\/div>\n\t\t\t\t<\/div>\n\t\t\t\t<div class=\"elementor-element elementor-element-73b6817 elementor-widget elementor-widget-image\" data-id=\"73b6817\" data-element_type=\"widget\" data-e-type=\"widget\" data-widget_type=\"image.default\">\n\t\t\t\t<div class=\"elementor-widget-container\">\n\t\t\t\t\t\t\t\t\t\t\t\t<figure class=\"wp-caption\">\n\t\t\t\t\t\t\t\t\t\t\t<a href=\"https:\/\/www.troesser.de\/blog\/wp-content\/uploads\/sites\/2\/2025\/07\/Rauleder.jpg\" data-elementor-open-lightbox=\"yes\" data-elementor-lightbox-title=\"Leder Vielfalt - Rauleder\" data-e-action-hash=\"#elementor-action%3Aaction%3Dlightbox%26settings%3DeyJpZCI6MzA3MjQsInVybCI6Imh0dHBzOlwvXC93d3cudHJvZXNzZXIuZGVcL2Jsb2dcL3dwLWNvbnRlbnRcL3VwbG9hZHNcL3NpdGVzXC8yXC8yMDI1XC8wN1wvUmF1bGVkZXIuanBnIn0%3D\">\n\t\t\t\t\t\t\t<img decoding=\"async\" width=\"1440\" height=\"960\" src=\"\" class=\"attachment-jkd-wide-size-extra-large size-jkd-wide-size-extra-large wp-image-30724 lqip\" alt=\"Leder Vielfalt - Rauleder\" srcset=\"\" sizes=\"(max-width: 1440px) 100vw, 1440px\" data-lqip=\"https:\/\/www.troesser.de\/blog\/wp-content\/uploads\/sites\/2\/2025\/07\/Rauleder-288x192.jpg\" data-src=\"https:\/\/www.troesser.de\/blog\/wp-content\/uploads\/sites\/2\/2025\/07\/Rauleder-1440x960.jpg\" data-srcset=\"https:\/\/www.troesser.de\/blog\/wp-content\/uploads\/sites\/2\/2025\/07\/Rauleder-1440x960.jpg 1440w, https:\/\/www.troesser.de\/blog\/wp-content\/uploads\/sites\/2\/2025\/07\/Rauleder-300x200.jpg 300w, https:\/\/www.troesser.de\/blog\/wp-content\/uploads\/sites\/2\/2025\/07\/Rauleder-540x360.jpg 540w, https:\/\/www.troesser.de\/blog\/wp-content\/uploads\/sites\/2\/2025\/07\/Rauleder-768x512.jpg 768w, https:\/\/www.troesser.de\/blog\/wp-content\/uploads\/sites\/2\/2025\/07\/Rauleder-1024x683.jpg 1024w, https:\/\/www.troesser.de\/blog\/wp-content\/uploads\/sites\/2\/2025\/07\/Rauleder-1920x1280.jpg 1920w, https:\/\/www.troesser.de\/blog\/wp-content\/uploads\/sites\/2\/2025\/07\/Rauleder-64x43.jpg 64w, https:\/\/www.troesser.de\/blog\/wp-content\/uploads\/sites\/2\/2025\/07\/Rauleder-108x72.jpg 108w, https:\/\/www.troesser.de\/blog\/wp-content\/uploads\/sites\/2\/2025\/07\/Rauleder-153x102.jpg 153w, https:\/\/www.troesser.de\/blog\/wp-content\/uploads\/sites\/2\/2025\/07\/Rauleder-204x136.jpg 204w, https:\/\/www.troesser.de\/blog\/wp-content\/uploads\/sites\/2\/2025\/07\/Rauleder-288x192.jpg 288w, https:\/\/www.troesser.de\/blog\/wp-content\/uploads\/sites\/2\/2025\/07\/Rauleder-384x256.jpg 384w\" \/>\t\t\t\t\t\t\t\t<\/a>\n\t\t\t\t\t\t\t\t\t\t\t<figcaption class=\"widget-image-caption wp-caption-text\">Rauleder - ist Leder in seiner \u201erauen Form\u201c<\/figcaption>\n\t\t\t\t\t\t\t\t\t\t<\/figure>\n\t\t\t\t\t\t\t\t\t<\/div>\n\t\t\t\t<\/div>\n\t\t\t\t<div class=\"elementor-element elementor-element-f9565d7 elementor-widget elementor-widget-heading\" data-id=\"f9565d7\" data-element_type=\"widget\" data-e-type=\"widget\" data-widget_type=\"heading.default\">\n\t\t\t\t<div class=\"elementor-widget-container\">\n\t\t\t\t\t<h2 class=\"elementor-heading-title elementor-size-default\"><span class=\"ez-toc-section\" id=\"gewolktes_Leder_mit_eindrucksvollen_Visuellen_Effekten\"><\/span>gewolktes Leder: mit eindrucksvollen Visuellen Effekten<span class=\"ez-toc-section-end\"><\/span><\/h2>\t\t\t\t<\/div>\n\t\t\t\t<\/div>\n\t\t\t\t<div class=\"elementor-element elementor-element-637026f elementor-widget elementor-widget-text-editor\" data-id=\"637026f\" data-element_type=\"widget\" data-e-type=\"widget\" data-widget_type=\"text-editor.default\">\n\t\t\t\t<div class=\"elementor-widget-container\">\n\t\t\t\t\t\t\t\t\t<p>Neben der Lederart spielen raffinierte Effekte eine wichtige Rolle. Sie setzen sch\u00f6ne Akzente, verleihen dem Leder Charakter und runden einen Look perfekt ab. Aktuell ist das sogennante <strong>Cloudy-Leder<\/strong> voll im Trend. <strong>Gewolktes-Leder<\/strong> beschreibt ein zweifarbiges Glattleder mit einem zarten Farbverlauf, der an die Form von Wolken erinnert.<\/p><p>Durch diesen nat\u00fcrlichen Farbverlauf erh\u00e4lt das Leder besonders viel Ausdruck und l\u00e4sst Polsterm\u00f6bel noch individueller und wohliger wirken. Nat\u00fcrliche Abweichungen in der Struktur geben dabei eine Extraportion Charme und unterstreichen die Echtheit eines hochwertigen Leders.<\/p>\t\t\t\t\t\t\t\t<\/div>\n\t\t\t\t<\/div>\n\t\t\t\t<div class=\"elementor-element elementor-element-e8c7841 elementor-widget elementor-widget-image\" data-id=\"e8c7841\" data-element_type=\"widget\" data-e-type=\"widget\" data-widget_type=\"image.default\">\n\t\t\t\t<div class=\"elementor-widget-container\">\n\t\t\t\t\t\t\t\t\t\t\t\t<figure class=\"wp-caption\">\n\t\t\t\t\t\t\t\t\t\t\t<a href=\"https:\/\/www.troesser.de\/blog\/wp-content\/uploads\/sites\/2\/2025\/07\/Gewolktes-Leder.jpg\" data-elementor-open-lightbox=\"yes\" data-elementor-lightbox-title=\"Gewolktes Leder\" data-e-action-hash=\"#elementor-action%3Aaction%3Dlightbox%26settings%3DeyJpZCI6MzA3MjYsInVybCI6Imh0dHBzOlwvXC93d3cudHJvZXNzZXIuZGVcL2Jsb2dcL3dwLWNvbnRlbnRcL3VwbG9hZHNcL3NpdGVzXC8yXC8yMDI1XC8wN1wvR2V3b2xrdGVzLUxlZGVyLmpwZyJ9\">\n\t\t\t\t\t\t\t<img loading=\"lazy\" decoding=\"async\" width=\"1440\" height=\"960\" src=\"\" class=\"attachment-jkd-wide-size-extra-large size-jkd-wide-size-extra-large wp-image-30726 lqip\" alt=\"Gewolktes Leder\" srcset=\"\" sizes=\"(max-width: 1440px) 100vw, 1440px\" data-lqip=\"https:\/\/www.troesser.de\/blog\/wp-content\/uploads\/sites\/2\/2025\/07\/Gewolktes-Leder-288x192.jpg\" data-src=\"https:\/\/www.troesser.de\/blog\/wp-content\/uploads\/sites\/2\/2025\/07\/Gewolktes-Leder-1440x960.jpg\" data-srcset=\"https:\/\/www.troesser.de\/blog\/wp-content\/uploads\/sites\/2\/2025\/07\/Gewolktes-Leder-1440x960.jpg 1440w, https:\/\/www.troesser.de\/blog\/wp-content\/uploads\/sites\/2\/2025\/07\/Gewolktes-Leder-300x200.jpg 300w, https:\/\/www.troesser.de\/blog\/wp-content\/uploads\/sites\/2\/2025\/07\/Gewolktes-Leder-540x360.jpg 540w, https:\/\/www.troesser.de\/blog\/wp-content\/uploads\/sites\/2\/2025\/07\/Gewolktes-Leder-768x512.jpg 768w, https:\/\/www.troesser.de\/blog\/wp-content\/uploads\/sites\/2\/2025\/07\/Gewolktes-Leder-1024x683.jpg 1024w, https:\/\/www.troesser.de\/blog\/wp-content\/uploads\/sites\/2\/2025\/07\/Gewolktes-Leder-1920x1280.jpg 1920w, https:\/\/www.troesser.de\/blog\/wp-content\/uploads\/sites\/2\/2025\/07\/Gewolktes-Leder-64x43.jpg 64w, https:\/\/www.troesser.de\/blog\/wp-content\/uploads\/sites\/2\/2025\/07\/Gewolktes-Leder-108x72.jpg 108w, https:\/\/www.troesser.de\/blog\/wp-content\/uploads\/sites\/2\/2025\/07\/Gewolktes-Leder-153x102.jpg 153w, https:\/\/www.troesser.de\/blog\/wp-content\/uploads\/sites\/2\/2025\/07\/Gewolktes-Leder-204x136.jpg 204w, https:\/\/www.troesser.de\/blog\/wp-content\/uploads\/sites\/2\/2025\/07\/Gewolktes-Leder-288x192.jpg 288w, https:\/\/www.troesser.de\/blog\/wp-content\/uploads\/sites\/2\/2025\/07\/Gewolktes-Leder-384x256.jpg 384w\" \/>\t\t\t\t\t\t\t\t<\/a>\n\t\t\t\t\t\t\t\t\t\t\t<figcaption class=\"widget-image-caption wp-caption-text\">gewolktes Leder - Leder mit Wolkiger Optik <\/figcaption>\n\t\t\t\t\t\t\t\t\t\t<\/figure>\n\t\t\t\t\t\t\t\t\t<\/div>\n\t\t\t\t<\/div>\n\t\t\t\t<div class=\"elementor-element elementor-element-1f0e5db elementor-widget elementor-widget-heading\" data-id=\"1f0e5db\" data-element_type=\"widget\" data-e-type=\"widget\" data-widget_type=\"heading.default\">\n\t\t\t\t<div class=\"elementor-widget-container\">\n\t\t\t\t\t<h2 class=\"elementor-heading-title elementor-size-default\"><span class=\"ez-toc-section\" id=\"Das_Anilin_Leder_naturbelassen_Atmungsaktiv\"><\/span>Das Anilin Leder: naturbelassen &amp; Atmungsaktiv<span class=\"ez-toc-section-end\"><\/span><\/h2>\t\t\t\t<\/div>\n\t\t\t\t<\/div>\n\t\t\t\t<div class=\"elementor-element elementor-element-9283863 elementor-widget elementor-widget-text-editor\" data-id=\"9283863\" data-element_type=\"widget\" data-e-type=\"widget\" data-widget_type=\"text-editor.default\">\n\t\t\t\t<div class=\"elementor-widget-container\">\n\t\t\t\t\t\t\t\t\t<p>Das <strong>ANILIN-LEDER<\/strong>: Ist das exklusivste und nat\u00fcrlichste aller Lederarten. Es ist naturbelassen und daher besonders atmungsaktiv. Ein unvergleichlich weicher Griff kennzeichnet dieses besondere Leder. Farb- und Strukturunterschiede unterstreichen die Nat\u00fcrlichkeit. Anilin-Leder passt sich im Nu der K\u00f6rper- und Umgebungstemperatur an. Ein echtes Leder der Extraklasse.<\/p>\t\t\t\t\t\t\t\t<\/div>\n\t\t\t\t<\/div>\n\t\t\t\t<div class=\"elementor-element elementor-element-edf4882 elementor-widget elementor-widget-image\" data-id=\"edf4882\" data-element_type=\"widget\" data-e-type=\"widget\" data-widget_type=\"image.default\">\n\t\t\t\t<div class=\"elementor-widget-container\">\n\t\t\t\t\t\t\t\t\t\t\t\t<figure class=\"wp-caption\">\n\t\t\t\t\t\t\t\t\t\t\t<a href=\"https:\/\/www.troesser.de\/blog\/wp-content\/uploads\/sites\/2\/2025\/07\/Anilin-Leder.jpg\" data-elementor-open-lightbox=\"yes\" data-elementor-lightbox-title=\"Anilin Leder\" data-e-action-hash=\"#elementor-action%3Aaction%3Dlightbox%26settings%3DeyJpZCI6MzA3MjgsInVybCI6Imh0dHBzOlwvXC93d3cudHJvZXNzZXIuZGVcL2Jsb2dcL3dwLWNvbnRlbnRcL3VwbG9hZHNcL3NpdGVzXC8yXC8yMDI1XC8wN1wvQW5pbGluLUxlZGVyLmpwZyJ9\">\n\t\t\t\t\t\t\t<img loading=\"lazy\" decoding=\"async\" width=\"1440\" height=\"960\" src=\"\" class=\"attachment-jkd-wide-size-extra-large size-jkd-wide-size-extra-large wp-image-30728 lqip\" alt=\"Anilin Leder\" srcset=\"\" sizes=\"(max-width: 1440px) 100vw, 1440px\" data-lqip=\"https:\/\/www.troesser.de\/blog\/wp-content\/uploads\/sites\/2\/2025\/07\/Anilin-Leder-288x192.jpg\" data-src=\"https:\/\/www.troesser.de\/blog\/wp-content\/uploads\/sites\/2\/2025\/07\/Anilin-Leder-1440x960.jpg\" data-srcset=\"https:\/\/www.troesser.de\/blog\/wp-content\/uploads\/sites\/2\/2025\/07\/Anilin-Leder-1440x960.jpg 1440w, https:\/\/www.troesser.de\/blog\/wp-content\/uploads\/sites\/2\/2025\/07\/Anilin-Leder-300x200.jpg 300w, https:\/\/www.troesser.de\/blog\/wp-content\/uploads\/sites\/2\/2025\/07\/Anilin-Leder-540x360.jpg 540w, https:\/\/www.troesser.de\/blog\/wp-content\/uploads\/sites\/2\/2025\/07\/Anilin-Leder-768x512.jpg 768w, https:\/\/www.troesser.de\/blog\/wp-content\/uploads\/sites\/2\/2025\/07\/Anilin-Leder-1024x683.jpg 1024w, https:\/\/www.troesser.de\/blog\/wp-content\/uploads\/sites\/2\/2025\/07\/Anilin-Leder-1920x1280.jpg 1920w, https:\/\/www.troesser.de\/blog\/wp-content\/uploads\/sites\/2\/2025\/07\/Anilin-Leder-64x43.jpg 64w, https:\/\/www.troesser.de\/blog\/wp-content\/uploads\/sites\/2\/2025\/07\/Anilin-Leder-108x72.jpg 108w, https:\/\/www.troesser.de\/blog\/wp-content\/uploads\/sites\/2\/2025\/07\/Anilin-Leder-153x102.jpg 153w, https:\/\/www.troesser.de\/blog\/wp-content\/uploads\/sites\/2\/2025\/07\/Anilin-Leder-204x136.jpg 204w, https:\/\/www.troesser.de\/blog\/wp-content\/uploads\/sites\/2\/2025\/07\/Anilin-Leder-288x192.jpg 288w, https:\/\/www.troesser.de\/blog\/wp-content\/uploads\/sites\/2\/2025\/07\/Anilin-Leder-384x256.jpg 384w\" \/>\t\t\t\t\t\t\t\t<\/a>\n\t\t\t\t\t\t\t\t\t\t\t<figcaption class=\"widget-image-caption wp-caption-text\">Anilin Leder - naturbelassen Atmungsaktiv<\/figcaption>\n\t\t\t\t\t\t\t\t\t\t<\/figure>\n\t\t\t\t\t\t\t\t\t<\/div>\n\t\t\t\t<\/div>\n\t\t\t\t<div class=\"elementor-element elementor-element-80ff3ec elementor-widget elementor-widget-heading\" data-id=\"80ff3ec\" data-element_type=\"widget\" data-e-type=\"widget\" data-widget_type=\"heading.default\">\n\t\t\t\t<div class=\"elementor-widget-container\">\n\t\t\t\t\t<h2 class=\"elementor-heading-title elementor-size-default\"><span class=\"ez-toc-section\" id=\"So_bleibt_Leder_schoen_Tipps_zur_richtigen_Lederpflege\"><\/span>So bleibt Leder sch\u00f6n: Tipps zur richtigen Lederpflege<span class=\"ez-toc-section-end\"><\/span><\/h2>\t\t\t\t<\/div>\n\t\t\t\t<\/div>\n\t\t\t\t<div class=\"elementor-element elementor-element-ef40f45 elementor-widget elementor-widget-text-editor\" data-id=\"ef40f45\" data-element_type=\"widget\" data-e-type=\"widget\" data-widget_type=\"text-editor.default\">\n\t\t\t\t<div class=\"elementor-widget-container\">\n\t\t\t\t\t\t\t\t\t<p><strong>Wussten Sie schon?<br \/><\/strong><\/p>\n<p>Um noch l\u00e4nger Freude an der eigenen Polstergarnitur zu haben, empfiehlt es sich, ein wenig Zeit in die Pflege des Echtleder-Polsterm\u00f6bels zu stecken. Damit dabei nichts schief l\u00e4uft, sind hier einige Tipps:\u00a0<\/p>\n<ul>\n<li>Es empfiehlt sich, das Leder in regelm\u00e4\u00dfigen Abst\u00e4nden mit einem Baumwolltuch abzustauben. (Keine Mikrofasert\u00fccher verwenden, da diese die Oberfl\u00e4che angreifen k\u00f6nnten)\u00a0<\/li>\n<li>Auch sollte das Leder Regelm\u00e4\u00dfig mit einer Lederpflege Lotion behandelt werden, dies h\u00e4lt das Ledergeschmeidig und verhindert ein austrocknen<\/li>\n<li>Leichte Verschmutzungen k\u00f6nnen mit einem feuchten Lappen entfernt werden. Hier sollte destilliertes verwendet werden, um Kalkflecken zu vermeiden. (Zu viel Feuchtigkeit vermeiden)\u00a0<\/li>\n<li>Wenn feuchte Flecken entstehen, sollten diese sofort und sanft per Papiertuch aufgesaugt werden.\u00a0<\/li>\n<li>Helles Leder sollte vor Verf\u00e4rbungen durch farbintensive Materialen wie Decken oder Kleidungsst\u00fccke gesch\u00fctzt werden.\u00a0<\/li>\n<li>Vor direkter Lichteinstrahlung sch\u00fctzen. Vor W\u00e4rme sch\u00fctzen. Dabei sollte auch ausreichend Abstand zwischen Heizung und Polster geachtet werden.\u00a0<\/li>\n<li>Vorsicht bei spitzen Gegenst\u00e4nden.<\/li>\n<\/ul>\n<p>\u00a0<\/p>\n<p style=\"text-align: center;\">Au\u00dferdem haben wir Exklusiv f\u00fcr Sie &#8211; eine Informative <a href=\"https:\/\/www.troesser.de\/fleckentabelle\/\" target=\"_blank\" rel=\"noopener\"><strong>Fleckentabelle<\/strong><\/a> erstellt &#8211; <br \/>die als Ratgeber und Informationsmaterial dient.<\/p>\t\t\t\t\t\t\t\t<\/div>\n\t\t\t\t<\/div>\n\t\t\t\t<div class=\"elementor-element elementor-element-e12c42c elementor-widget elementor-widget-heading\" data-id=\"e12c42c\" data-element_type=\"widget\" data-e-type=\"widget\" data-widget_type=\"heading.default\">\n\t\t\t\t<div class=\"elementor-widget-container\">\n\t\t\t\t\t<h2 class=\"elementor-heading-title elementor-size-default\"><span class=\"ez-toc-section\" id=\"Die_Lederpflege_damit_Ihr_Leder_lange_schoen_bleibt\"><\/span>Die Lederpflege: damit Ihr Leder lange sch\u00f6n bleibt<span class=\"ez-toc-section-end\"><\/span><\/h2>\t\t\t\t<\/div>\n\t\t\t\t<\/div>\n\t\t\t\t<div class=\"elementor-element elementor-element-7ca2f32 elementor-widget elementor-widget-image\" data-id=\"7ca2f32\" data-element_type=\"widget\" data-e-type=\"widget\" data-widget_type=\"image.default\">\n\t\t\t\t<div class=\"elementor-widget-container\">\n\t\t\t\t\t\t\t\t\t\t\t\t<figure class=\"wp-caption\">\n\t\t\t\t\t\t\t\t\t\t\t<a href=\"https:\/\/www.troesser.de\/blog\/lederpflege-so-bleibt-dein-leder-lange-schoen\/\" target=\"_blank\">\n\t\t\t\t\t\t\t<img loading=\"lazy\" decoding=\"async\" width=\"1440\" height=\"960\" src=\"\" class=\"attachment-jkd-wide-size-extra-large size-jkd-wide-size-extra-large wp-image-30869 lqip\" alt=\"Die Lederpflege - so bleibt dein Leder lange sch\u00f6n\" srcset=\"\" sizes=\"(max-width: 1440px) 100vw, 1440px\" data-lqip=\"https:\/\/www.troesser.de\/blog\/wp-content\/uploads\/sites\/2\/2025\/07\/Lederpflege-so-bleibt-dein-Leder-lange-schoen-288x192.jpg\" data-src=\"https:\/\/www.troesser.de\/blog\/wp-content\/uploads\/sites\/2\/2025\/07\/Lederpflege-so-bleibt-dein-Leder-lange-schoen-1440x960.jpg\" data-srcset=\"https:\/\/www.troesser.de\/blog\/wp-content\/uploads\/sites\/2\/2025\/07\/Lederpflege-so-bleibt-dein-Leder-lange-schoen-1440x960.jpg 1440w, https:\/\/www.troesser.de\/blog\/wp-content\/uploads\/sites\/2\/2025\/07\/Lederpflege-so-bleibt-dein-Leder-lange-schoen-300x200.jpg 300w, https:\/\/www.troesser.de\/blog\/wp-content\/uploads\/sites\/2\/2025\/07\/Lederpflege-so-bleibt-dein-Leder-lange-schoen-540x360.jpg 540w, https:\/\/www.troesser.de\/blog\/wp-content\/uploads\/sites\/2\/2025\/07\/Lederpflege-so-bleibt-dein-Leder-lange-schoen-768x512.jpg 768w, https:\/\/www.troesser.de\/blog\/wp-content\/uploads\/sites\/2\/2025\/07\/Lederpflege-so-bleibt-dein-Leder-lange-schoen-1024x683.jpg 1024w, https:\/\/www.troesser.de\/blog\/wp-content\/uploads\/sites\/2\/2025\/07\/Lederpflege-so-bleibt-dein-Leder-lange-schoen-64x43.jpg 64w, https:\/\/www.troesser.de\/blog\/wp-content\/uploads\/sites\/2\/2025\/07\/Lederpflege-so-bleibt-dein-Leder-lange-schoen-108x72.jpg 108w, https:\/\/www.troesser.de\/blog\/wp-content\/uploads\/sites\/2\/2025\/07\/Lederpflege-so-bleibt-dein-Leder-lange-schoen-153x102.jpg 153w, https:\/\/www.troesser.de\/blog\/wp-content\/uploads\/sites\/2\/2025\/07\/Lederpflege-so-bleibt-dein-Leder-lange-schoen-204x136.jpg 204w, https:\/\/www.troesser.de\/blog\/wp-content\/uploads\/sites\/2\/2025\/07\/Lederpflege-so-bleibt-dein-Leder-lange-schoen-288x192.jpg 288w, https:\/\/www.troesser.de\/blog\/wp-content\/uploads\/sites\/2\/2025\/07\/Lederpflege-so-bleibt-dein-Leder-lange-schoen-384x256.jpg 384w\" \/>\t\t\t\t\t\t\t\t<\/a>\n\t\t\t\t\t\t\t\t\t\t\t<figcaption class=\"widget-image-caption wp-caption-text\">Die richtige Lederpflege ist weit mehr als nur eine Reinigung<\/figcaption>\n\t\t\t\t\t\t\t\t\t\t<\/figure>\n\t\t\t\t\t\t\t\t\t<\/div>\n\t\t\t\t<\/div>\n\t\t\t\t\t<\/div>\n\t\t<\/div>\n\t\t\t\t\t<\/div>\n\t\t<\/section>\n\t\t\t\t<\/div>\n\t\t","protected":false},"excerpt":{"rendered":"<p>Leder in all seiner Vielfalt &#8211; Nichts strahlt mehr W\u00e4rme und Gem\u00fctlichkeit aus als Polsterm\u00f6bel mit Lederbezug. Leder ist das perfekte Material, wenn es um Polster geht, denn es ist langlebig, strapazierf\u00e4hig und pflegeleicht. All das sind wichtige Faktoren bei der Wahl eines Polsters \u2013 schlie\u00dflich m\u00f6chte man lange Freude am begehrten Objekt haben. Doch [&hellip;]<\/p>\n","protected":false},"author":7,"featured_media":23,"comment_status":"open","ping_status":"open","sticky":false,"template":"elementor_theme","format":"standard","meta":{"_acf_changed":false,"footnotes":""},"categories":[123,124],"tags":[138,139,140,141,149],"coauthors":[163],"class_list":["post-30110","post","type-post","status-publish","format-standard","has-post-thumbnail","hentry","category-material-pflege","category-tipps-ratgeber","tag-leder","tag-leder-fleckentabelle","tag-lederlook","tag-lederpflege","tag-vielfalt"],"acf":[],"yoast_head":"<!-- This site is optimized with the Yoast SEO plugin v27.4 - https:\/\/yoast.com\/product\/yoast-seo-wordpress\/ -->\n<title>Leder in all seiner Vielfalt<\/title>\n<meta name=\"description\" content=\"Leder in all seiner Vielfalt - Leder ist das perfekte Material, wenn es um Polster geht - langlebig, strapazierf\u00e4hig und pflegeleicht \u279c mehr\" \/>\n<meta name=\"robots\" content=\"index, follow, max-snippet:-1, max-image-preview:large, max-video-preview:-1\" \/>\n<link rel=\"canonical\" href=\"https:\/\/www.troesser.de\/blog\/leder-in-all-seiner-vielfalt\/\" \/>\n<meta property=\"og:locale\" content=\"de_DE\" \/>\n<meta property=\"og:type\" content=\"article\" \/>\n<meta property=\"og:title\" content=\"Leder in all seiner Vielfalt\" \/>\n<meta property=\"og:description\" content=\"Leder in all seiner Vielfalt - Leder ist das perfekte Material, wenn es um Polster geht - langlebig, strapazierf\u00e4hig und pflegeleicht \u279c mehr\" \/>\n<meta property=\"og:url\" content=\"https:\/\/www.troesser.de\/blog\/leder-in-all-seiner-vielfalt\/\" \/>\n<meta property=\"og:site_name\" content=\"Tr\u00f6sser Polsterm\u00f6bel Blog\" \/>\n<meta property=\"article:publisher\" content=\"https:\/\/www.facebook.com\/Polstertroesser\" \/>\n<meta property=\"article:published_time\" content=\"2025-07-07T09:09:55+00:00\" \/>\n<meta property=\"article:modified_time\" content=\"2025-07-29T14:09:50+00:00\" \/>\n<meta property=\"og:image\" content=\"https:\/\/www.troesser.de\/blog\/wp-content\/uploads\/sites\/2\/2025\/05\/Header-Content-1.jpg\" \/>\n\t<meta property=\"og:image:width\" content=\"1440\" \/>\n\t<meta property=\"og:image:height\" content=\"470\" \/>\n\t<meta property=\"og:image:type\" content=\"image\/jpeg\" \/>\n<meta name=\"author\" content=\"Troesser Polsterm\u00f6bel\" \/>\n<meta name=\"twitter:card\" content=\"summary_large_image\" \/>\n<meta name=\"twitter:image\" content=\"https:\/\/www.troesser.de\/blog\/wp-content\/uploads\/sites\/2\/2025\/05\/Header-Content-1.jpg\" \/>\n<meta name=\"twitter:label1\" content=\"Verfasst von\" \/>\n\t<meta name=\"twitter:data1\" content=\"Troesser Polsterm\u00f6bel\" \/>\n\t<meta name=\"twitter:label2\" content=\"Gesch\u00e4tzte Lesezeit\" \/>\n\t<meta name=\"twitter:data2\" content=\"5\u00a0Minuten\" \/>\n\t<meta name=\"twitter:label3\" content=\"Written by\" \/>\n\t<meta name=\"twitter:data3\" content=\"Troesser Polsterm\u00f6bel\" \/>\n<script type=\"application\/ld+json\" class=\"yoast-schema-graph\">{\"@context\":\"https:\\\/\\\/schema.org\",\"@graph\":[{\"@type\":\"Article\",\"@id\":\"https:\\\/\\\/www.troesser.de\\\/blog\\\/leder-in-all-seiner-vielfalt\\\/#article\",\"isPartOf\":{\"@id\":\"https:\\\/\\\/www.troesser.de\\\/blog\\\/leder-in-all-seiner-vielfalt\\\/\"},\"author\":{\"name\":\"Troesser Polsterm\u00f6bel\",\"@id\":\"https:\\\/\\\/www.troesser.de\\\/blog\\\/#\\\/schema\\\/person\\\/f08a92e83e506378bf52804a75d8880a\"},\"headline\":\"Leder in all seiner Vielfalt\",\"datePublished\":\"2025-07-07T09:09:55+00:00\",\"dateModified\":\"2025-07-29T14:09:50+00:00\",\"mainEntityOfPage\":{\"@id\":\"https:\\\/\\\/www.troesser.de\\\/blog\\\/leder-in-all-seiner-vielfalt\\\/\"},\"wordCount\":705,\"commentCount\":0,\"publisher\":{\"@id\":\"https:\\\/\\\/www.troesser.de\\\/blog\\\/#organization\"},\"image\":{\"@id\":\"https:\\\/\\\/www.troesser.de\\\/blog\\\/leder-in-all-seiner-vielfalt\\\/#primaryimage\"},\"thumbnailUrl\":\"https:\\\/\\\/www.troesser.de\\\/blog\\\/wp-content\\\/uploads\\\/sites\\\/2\\\/2025\\\/05\\\/Header-Content-1.jpg\",\"keywords\":[\"leder\",\"leder fleckentabelle\",\"lederlook\",\"lederpflege\",\"vielfalt\"],\"articleSection\":[\"Material &amp; Pflege\",\"Tipps &amp; Ratgeber\"],\"inLanguage\":\"de\",\"potentialAction\":[{\"@type\":\"CommentAction\",\"name\":\"Comment\",\"target\":[\"https:\\\/\\\/www.troesser.de\\\/blog\\\/leder-in-all-seiner-vielfalt\\\/#respond\"]}],\"hasPart\":[{\"@type\":\"SiteNavigationElement\",\"name\":\"Table of Contents\",\"url\":\"https:\\\/\\\/www.troesser.de\\\/blog\\\/leder-in-all-seiner-vielfalt\\\/#ez-toc\",\"position\":1,\"hasPart\":[{\"@type\":\"SiteNavigationElement\",\"name\":\"Leder: Exklusiv und ausdrucksstark\",\"url\":\"https:\\\/\\\/www.troesser.de\\\/blog\\\/leder-in-all-seiner-vielfalt\\\/#leder-exklusiv-und-ausdrucksstark\",\"position\":2},{\"@type\":\"SiteNavigationElement\",\"name\":\"Glatt und elegant: so sch\u00f6n kann Leder sein\",\"url\":\"https:\\\/\\\/www.troesser.de\\\/blog\\\/leder-in-all-seiner-vielfalt\\\/#glatt-und-elegant-so-schoen-kann-leder-sein\",\"position\":3},{\"@type\":\"SiteNavigationElement\",\"name\":\"Leder in all seiner Vielfalt: das Rauleder\",\"url\":\"https:\\\/\\\/www.troesser.de\\\/blog\\\/leder-in-all-seiner-vielfalt\\\/#leder-in-all-seiner-vielfalt-das-rauleder\",\"position\":4},{\"@type\":\"SiteNavigationElement\",\"name\":\"gewolktes Leder: mit eindrucksvollen Visuellen Effekten\",\"url\":\"https:\\\/\\\/www.troesser.de\\\/blog\\\/leder-in-all-seiner-vielfalt\\\/#gewolktes-leder-mit-eindrucksvollen-visuellen-effekten\",\"position\":5},{\"@type\":\"SiteNavigationElement\",\"name\":\"Das Anilin Leder: naturbelassen &amp; Atmungsaktiv\",\"url\":\"https:\\\/\\\/www.troesser.de\\\/blog\\\/leder-in-all-seiner-vielfalt\\\/#das-anilin-leder-naturbelassen-atmungsaktiv\",\"position\":6},{\"@type\":\"SiteNavigationElement\",\"name\":\"So bleibt Leder sch\u00f6n: Tipps zur richtigen Lederpflege\",\"url\":\"https:\\\/\\\/www.troesser.de\\\/blog\\\/leder-in-all-seiner-vielfalt\\\/#so-bleibt-leder-schoen-tipps-zur-richtigen-lederpflege\",\"position\":7},{\"@type\":\"SiteNavigationElement\",\"name\":\"Die Lederpflege: damit Ihr Leder lange sch\u00f6n bleibt\",\"url\":\"https:\\\/\\\/www.troesser.de\\\/blog\\\/leder-in-all-seiner-vielfalt\\\/#die-lederpflege-damit-ihr-leder-lange-schoen-bleibt\",\"position\":8}]}]},{\"@type\":\"WebPage\",\"@id\":\"https:\\\/\\\/www.troesser.de\\\/blog\\\/leder-in-all-seiner-vielfalt\\\/\",\"url\":\"https:\\\/\\\/www.troesser.de\\\/blog\\\/leder-in-all-seiner-vielfalt\\\/\",\"name\":\"Leder in all seiner Vielfalt\",\"isPartOf\":{\"@id\":\"https:\\\/\\\/www.troesser.de\\\/blog\\\/#website\"},\"primaryImageOfPage\":{\"@id\":\"https:\\\/\\\/www.troesser.de\\\/blog\\\/leder-in-all-seiner-vielfalt\\\/#primaryimage\"},\"image\":{\"@id\":\"https:\\\/\\\/www.troesser.de\\\/blog\\\/leder-in-all-seiner-vielfalt\\\/#primaryimage\"},\"thumbnailUrl\":\"https:\\\/\\\/www.troesser.de\\\/blog\\\/wp-content\\\/uploads\\\/sites\\\/2\\\/2025\\\/05\\\/Header-Content-1.jpg\",\"datePublished\":\"2025-07-07T09:09:55+00:00\",\"dateModified\":\"2025-07-29T14:09:50+00:00\",\"description\":\"Leder in all seiner Vielfalt - Leder ist das perfekte Material, wenn es um Polster geht - langlebig, strapazierf\u00e4hig und pflegeleicht \u279c mehr\",\"breadcrumb\":{\"@id\":\"https:\\\/\\\/www.troesser.de\\\/blog\\\/leder-in-all-seiner-vielfalt\\\/#breadcrumb\"},\"inLanguage\":\"de\",\"potentialAction\":[{\"@type\":\"ReadAction\",\"target\":[\"https:\\\/\\\/www.troesser.de\\\/blog\\\/leder-in-all-seiner-vielfalt\\\/\"]}]},{\"@type\":\"ImageObject\",\"inLanguage\":\"de\",\"@id\":\"https:\\\/\\\/www.troesser.de\\\/blog\\\/leder-in-all-seiner-vielfalt\\\/#primaryimage\",\"url\":\"https:\\\/\\\/www.troesser.de\\\/blog\\\/wp-content\\\/uploads\\\/sites\\\/2\\\/2025\\\/05\\\/Header-Content-1.jpg\",\"contentUrl\":\"https:\\\/\\\/www.troesser.de\\\/blog\\\/wp-content\\\/uploads\\\/sites\\\/2\\\/2025\\\/05\\\/Header-Content-1.jpg\",\"width\":1440,\"height\":470,\"caption\":\"Leder in all seiner Vielfalt\"},{\"@type\":\"BreadcrumbList\",\"@id\":\"https:\\\/\\\/www.troesser.de\\\/blog\\\/leder-in-all-seiner-vielfalt\\\/#breadcrumb\",\"itemListElement\":[{\"@type\":\"ListItem\",\"position\":1,\"name\":\"Startseite\",\"item\":\"https:\\\/\\\/www.troesser.de\\\/blog\\\/\"},{\"@type\":\"ListItem\",\"position\":2,\"name\":\"Tipps &amp; Ratgeber\",\"item\":\"https:\\\/\\\/www.troesser.de\\\/blog\\\/kategorie\\\/tipps-ratgeber\\\/\"},{\"@type\":\"ListItem\",\"position\":3,\"name\":\"Leder in all seiner Vielfalt\"}]},{\"@type\":\"WebSite\",\"@id\":\"https:\\\/\\\/www.troesser.de\\\/blog\\\/#website\",\"url\":\"https:\\\/\\\/www.troesser.de\\\/blog\\\/\",\"name\":\"TR\u00d6SSER \u22c6 der Polsterm\u00f6belspezialist\",\"description\":\"Hier entstehen Wohnideen\",\"publisher\":{\"@id\":\"https:\\\/\\\/www.troesser.de\\\/blog\\\/#organization\"},\"potentialAction\":[{\"@type\":\"SearchAction\",\"target\":{\"@type\":\"EntryPoint\",\"urlTemplate\":\"https:\\\/\\\/www.troesser.de\\\/blog\\\/?s={search_term_string}\"},\"query-input\":{\"@type\":\"PropertyValueSpecification\",\"valueRequired\":true,\"valueName\":\"search_term_string\"}}],\"inLanguage\":\"de\"},{\"@type\":\"Organization\",\"@id\":\"https:\\\/\\\/www.troesser.de\\\/blog\\\/#organization\",\"name\":\"Uni-Polster Verwaltung GmbH & Tr\u00f6sser Co. KG\",\"alternateName\":\"TR\u00d6SSER \u22c6 der Polsterm\u00f6belspezialist\",\"url\":\"https:\\\/\\\/www.troesser.de\\\/blog\\\/\",\"logo\":{\"@type\":\"ImageObject\",\"inLanguage\":\"de\",\"@id\":\"https:\\\/\\\/www.troesser.de\\\/blog\\\/#\\\/schema\\\/logo\\\/image\\\/\",\"url\":\"https:\\\/\\\/www.troesser.de\\\/blog\\\/wp-content\\\/uploads\\\/sites\\\/2\\\/2025\\\/05\\\/troesser-logo.png\",\"contentUrl\":\"https:\\\/\\\/www.troesser.de\\\/blog\\\/wp-content\\\/uploads\\\/sites\\\/2\\\/2025\\\/05\\\/troesser-logo.png\",\"width\":612,\"height\":425,\"caption\":\"Uni-Polster Verwaltung GmbH & Tr\u00f6sser Co. KG\"},\"image\":{\"@id\":\"https:\\\/\\\/www.troesser.de\\\/blog\\\/#\\\/schema\\\/logo\\\/image\\\/\"},\"sameAs\":[\"https:\\\/\\\/www.facebook.com\\\/Polstertroesser\",\"https:\\\/\\\/www.instagram.com\\\/troesser_polsterspezialist\\\/\"]},{\"@type\":\"Person\",\"@id\":\"https:\\\/\\\/www.troesser.de\\\/blog\\\/#\\\/schema\\\/person\\\/f08a92e83e506378bf52804a75d8880a\",\"name\":\"Troesser Polsterm\u00f6bel\",\"image\":{\"@type\":\"ImageObject\",\"inLanguage\":\"de\",\"@id\":\"https:\\\/\\\/secure.gravatar.com\\\/avatar\\\/4227729f29762c8b158555a4180f8de8b0167aa987bbaa365d6d936d582c4284?s=96&d=https%3A%2F%2Fwww.troesser.de%2Fblog%2Fwp-content%2Fuploads%2Fsites%2F2%2F2025%2F05%2Fcropped-troesser-logo-150x150.png&r=gbf055b0fb1259abb693b673df26f6b74\",\"url\":\"https:\\\/\\\/secure.gravatar.com\\\/avatar\\\/4227729f29762c8b158555a4180f8de8b0167aa987bbaa365d6d936d582c4284?s=96&d=https%3A%2F%2Fwww.troesser.de%2Fblog%2Fwp-content%2Fuploads%2Fsites%2F2%2F2025%2F05%2Fcropped-troesser-logo-150x150.png&r=g\",\"contentUrl\":\"https:\\\/\\\/secure.gravatar.com\\\/avatar\\\/4227729f29762c8b158555a4180f8de8b0167aa987bbaa365d6d936d582c4284?s=96&d=https%3A%2F%2Fwww.troesser.de%2Fblog%2Fwp-content%2Fuploads%2Fsites%2F2%2F2025%2F05%2Fcropped-troesser-logo-150x150.png&r=g\",\"caption\":\"Troesser Polsterm\u00f6bel\"},\"url\":\"https:\\\/\\\/www.troesser.de\\\/blog\\\/author\\\/troesser\\\/\"}]}<\/script>\n<!-- \/ Yoast SEO plugin. -->","yoast_head_json":{"title":"Leder in all seiner Vielfalt","description":"Leder in all seiner Vielfalt - Leder ist das perfekte Material, wenn es um Polster geht - langlebig, strapazierf\u00e4hig und pflegeleicht \u279c mehr","robots":{"index":"index","follow":"follow","max-snippet":"max-snippet:-1","max-image-preview":"max-image-preview:large","max-video-preview":"max-video-preview:-1"},"canonical":"https:\/\/www.troesser.de\/blog\/leder-in-all-seiner-vielfalt\/","og_locale":"de_DE","og_type":"article","og_title":"Leder in all seiner Vielfalt","og_description":"Leder in all seiner Vielfalt - Leder ist das perfekte Material, wenn es um Polster geht - langlebig, strapazierf\u00e4hig und pflegeleicht \u279c mehr","og_url":"https:\/\/www.troesser.de\/blog\/leder-in-all-seiner-vielfalt\/","og_site_name":"Tr\u00f6sser Polsterm\u00f6bel Blog","article_publisher":"https:\/\/www.facebook.com\/Polstertroesser","article_published_time":"2025-07-07T09:09:55+00:00","article_modified_time":"2025-07-29T14:09:50+00:00","og_image":[{"width":1440,"height":470,"url":"https:\/\/www.troesser.de\/blog\/wp-content\/uploads\/sites\/2\/2025\/05\/Header-Content-1.jpg","type":"image\/jpeg"}],"author":"Troesser Polsterm\u00f6bel","twitter_card":"summary_large_image","twitter_image":"https:\/\/www.troesser.de\/blog\/wp-content\/uploads\/sites\/2\/2025\/05\/Header-Content-1.jpg","twitter_misc":{"Verfasst von":"Troesser Polsterm\u00f6bel","Gesch\u00e4tzte Lesezeit":"5\u00a0Minuten","Written by":"Troesser Polsterm\u00f6bel"},"schema":{"@context":"https:\/\/schema.org","@graph":[{"@type":"Article","@id":"https:\/\/www.troesser.de\/blog\/leder-in-all-seiner-vielfalt\/#article","isPartOf":{"@id":"https:\/\/www.troesser.de\/blog\/leder-in-all-seiner-vielfalt\/"},"author":{"name":"Troesser Polsterm\u00f6bel","@id":"https:\/\/www.troesser.de\/blog\/#\/schema\/person\/f08a92e83e506378bf52804a75d8880a"},"headline":"Leder in all seiner Vielfalt","datePublished":"2025-07-07T09:09:55+00:00","dateModified":"2025-07-29T14:09:50+00:00","mainEntityOfPage":{"@id":"https:\/\/www.troesser.de\/blog\/leder-in-all-seiner-vielfalt\/"},"wordCount":705,"commentCount":0,"publisher":{"@id":"https:\/\/www.troesser.de\/blog\/#organization"},"image":{"@id":"https:\/\/www.troesser.de\/blog\/leder-in-all-seiner-vielfalt\/#primaryimage"},"thumbnailUrl":"https:\/\/www.troesser.de\/blog\/wp-content\/uploads\/sites\/2\/2025\/05\/Header-Content-1.jpg","keywords":["leder","leder fleckentabelle","lederlook","lederpflege","vielfalt"],"articleSection":["Material &amp; Pflege","Tipps &amp; Ratgeber"],"inLanguage":"de","potentialAction":[{"@type":"CommentAction","name":"Comment","target":["https:\/\/www.troesser.de\/blog\/leder-in-all-seiner-vielfalt\/#respond"]}],"hasPart":[{"@type":"SiteNavigationElement","name":"Table of Contents","url":"https:\/\/www.troesser.de\/blog\/leder-in-all-seiner-vielfalt\/#ez-toc","position":1,"hasPart":[{"@type":"SiteNavigationElement","name":"Leder: Exklusiv und ausdrucksstark","url":"https:\/\/www.troesser.de\/blog\/leder-in-all-seiner-vielfalt\/#leder-exklusiv-und-ausdrucksstark","position":2},{"@type":"SiteNavigationElement","name":"Glatt und elegant: so sch\u00f6n kann Leder sein","url":"https:\/\/www.troesser.de\/blog\/leder-in-all-seiner-vielfalt\/#glatt-und-elegant-so-schoen-kann-leder-sein","position":3},{"@type":"SiteNavigationElement","name":"Leder in all seiner Vielfalt: das Rauleder","url":"https:\/\/www.troesser.de\/blog\/leder-in-all-seiner-vielfalt\/#leder-in-all-seiner-vielfalt-das-rauleder","position":4},{"@type":"SiteNavigationElement","name":"gewolktes Leder: mit eindrucksvollen Visuellen Effekten","url":"https:\/\/www.troesser.de\/blog\/leder-in-all-seiner-vielfalt\/#gewolktes-leder-mit-eindrucksvollen-visuellen-effekten","position":5},{"@type":"SiteNavigationElement","name":"Das Anilin Leder: naturbelassen &amp; Atmungsaktiv","url":"https:\/\/www.troesser.de\/blog\/leder-in-all-seiner-vielfalt\/#das-anilin-leder-naturbelassen-atmungsaktiv","position":6},{"@type":"SiteNavigationElement","name":"So bleibt Leder sch\u00f6n: Tipps zur richtigen Lederpflege","url":"https:\/\/www.troesser.de\/blog\/leder-in-all-seiner-vielfalt\/#so-bleibt-leder-schoen-tipps-zur-richtigen-lederpflege","position":7},{"@type":"SiteNavigationElement","name":"Die Lederpflege: damit Ihr Leder lange sch\u00f6n bleibt","url":"https:\/\/www.troesser.de\/blog\/leder-in-all-seiner-vielfalt\/#die-lederpflege-damit-ihr-leder-lange-schoen-bleibt","position":8}]}]},{"@type":"WebPage","@id":"https:\/\/www.troesser.de\/blog\/leder-in-all-seiner-vielfalt\/","url":"https:\/\/www.troesser.de\/blog\/leder-in-all-seiner-vielfalt\/","name":"Leder in all seiner Vielfalt","isPartOf":{"@id":"https:\/\/www.troesser.de\/blog\/#website"},"primaryImageOfPage":{"@id":"https:\/\/www.troesser.de\/blog\/leder-in-all-seiner-vielfalt\/#primaryimage"},"image":{"@id":"https:\/\/www.troesser.de\/blog\/leder-in-all-seiner-vielfalt\/#primaryimage"},"thumbnailUrl":"https:\/\/www.troesser.de\/blog\/wp-content\/uploads\/sites\/2\/2025\/05\/Header-Content-1.jpg","datePublished":"2025-07-07T09:09:55+00:00","dateModified":"2025-07-29T14:09:50+00:00","description":"Leder in all seiner Vielfalt - Leder ist das perfekte Material, wenn es um Polster geht - langlebig, strapazierf\u00e4hig und pflegeleicht \u279c mehr","breadcrumb":{"@id":"https:\/\/www.troesser.de\/blog\/leder-in-all-seiner-vielfalt\/#breadcrumb"},"inLanguage":"de","potentialAction":[{"@type":"ReadAction","target":["https:\/\/www.troesser.de\/blog\/leder-in-all-seiner-vielfalt\/"]}]},{"@type":"ImageObject","inLanguage":"de","@id":"https:\/\/www.troesser.de\/blog\/leder-in-all-seiner-vielfalt\/#primaryimage","url":"https:\/\/www.troesser.de\/blog\/wp-content\/uploads\/sites\/2\/2025\/05\/Header-Content-1.jpg","contentUrl":"https:\/\/www.troesser.de\/blog\/wp-content\/uploads\/sites\/2\/2025\/05\/Header-Content-1.jpg","width":1440,"height":470,"caption":"Leder in all seiner Vielfalt"},{"@type":"BreadcrumbList","@id":"https:\/\/www.troesser.de\/blog\/leder-in-all-seiner-vielfalt\/#breadcrumb","itemListElement":[{"@type":"ListItem","position":1,"name":"Startseite","item":"https:\/\/www.troesser.de\/blog\/"},{"@type":"ListItem","position":2,"name":"Tipps &amp; Ratgeber","item":"https:\/\/www.troesser.de\/blog\/kategorie\/tipps-ratgeber\/"},{"@type":"ListItem","position":3,"name":"Leder in all seiner Vielfalt"}]},{"@type":"WebSite","@id":"https:\/\/www.troesser.de\/blog\/#website","url":"https:\/\/www.troesser.de\/blog\/","name":"TR\u00d6SSER \u22c6 der Polsterm\u00f6belspezialist","description":"Hier entstehen Wohnideen","publisher":{"@id":"https:\/\/www.troesser.de\/blog\/#organization"},"potentialAction":[{"@type":"SearchAction","target":{"@type":"EntryPoint","urlTemplate":"https:\/\/www.troesser.de\/blog\/?s={search_term_string}"},"query-input":{"@type":"PropertyValueSpecification","valueRequired":true,"valueName":"search_term_string"}}],"inLanguage":"de"},{"@type":"Organization","@id":"https:\/\/www.troesser.de\/blog\/#organization","name":"Uni-Polster Verwaltung GmbH & Tr\u00f6sser Co. KG","alternateName":"TR\u00d6SSER \u22c6 der Polsterm\u00f6belspezialist","url":"https:\/\/www.troesser.de\/blog\/","logo":{"@type":"ImageObject","inLanguage":"de","@id":"https:\/\/www.troesser.de\/blog\/#\/schema\/logo\/image\/","url":"https:\/\/www.troesser.de\/blog\/wp-content\/uploads\/sites\/2\/2025\/05\/troesser-logo.png","contentUrl":"https:\/\/www.troesser.de\/blog\/wp-content\/uploads\/sites\/2\/2025\/05\/troesser-logo.png","width":612,"height":425,"caption":"Uni-Polster Verwaltung GmbH & Tr\u00f6sser Co. KG"},"image":{"@id":"https:\/\/www.troesser.de\/blog\/#\/schema\/logo\/image\/"},"sameAs":["https:\/\/www.facebook.com\/Polstertroesser","https:\/\/www.instagram.com\/troesser_polsterspezialist\/"]},{"@type":"Person","@id":"https:\/\/www.troesser.de\/blog\/#\/schema\/person\/f08a92e83e506378bf52804a75d8880a","name":"Troesser Polsterm\u00f6bel","image":{"@type":"ImageObject","inLanguage":"de","@id":"https:\/\/secure.gravatar.com\/avatar\/4227729f29762c8b158555a4180f8de8b0167aa987bbaa365d6d936d582c4284?s=96&d=https%3A%2F%2Fwww.troesser.de%2Fblog%2Fwp-content%2Fuploads%2Fsites%2F2%2F2025%2F05%2Fcropped-troesser-logo-150x150.png&r=gbf055b0fb1259abb693b673df26f6b74","url":"https:\/\/secure.gravatar.com\/avatar\/4227729f29762c8b158555a4180f8de8b0167aa987bbaa365d6d936d582c4284?s=96&d=https%3A%2F%2Fwww.troesser.de%2Fblog%2Fwp-content%2Fuploads%2Fsites%2F2%2F2025%2F05%2Fcropped-troesser-logo-150x150.png&r=g","contentUrl":"https:\/\/secure.gravatar.com\/avatar\/4227729f29762c8b158555a4180f8de8b0167aa987bbaa365d6d936d582c4284?s=96&d=https%3A%2F%2Fwww.troesser.de%2Fblog%2Fwp-content%2Fuploads%2Fsites%2F2%2F2025%2F05%2Fcropped-troesser-logo-150x150.png&r=g","caption":"Troesser Polsterm\u00f6bel"},"url":"https:\/\/www.troesser.de\/blog\/author\/troesser\/"}]}},"_links":{"self":[{"href":"https:\/\/www.troesser.de\/blog\/wp-json\/wp\/v2\/posts\/30110","targetHints":{"allow":["GET"]}}],"collection":[{"href":"https:\/\/www.troesser.de\/blog\/wp-json\/wp\/v2\/posts"}],"about":[{"href":"https:\/\/www.troesser.de\/blog\/wp-json\/wp\/v2\/types\/post"}],"author":[{"embeddable":true,"href":"https:\/\/www.troesser.de\/blog\/wp-json\/wp\/v2\/users\/7"}],"replies":[{"embeddable":true,"href":"https:\/\/www.troesser.de\/blog\/wp-json\/wp\/v2\/comments?post=30110"}],"version-history":[{"count":21,"href":"https:\/\/www.troesser.de\/blog\/wp-json\/wp\/v2\/posts\/30110\/revisions"}],"predecessor-version":[{"id":31208,"href":"https:\/\/www.troesser.de\/blog\/wp-json\/wp\/v2\/posts\/30110\/revisions\/31208"}],"wp:featuredmedia":[{"embeddable":true,"href":"https:\/\/www.troesser.de\/blog\/wp-json\/wp\/v2\/media\/23"}],"wp:attachment":[{"href":"https:\/\/www.troesser.de\/blog\/wp-json\/wp\/v2\/media?parent=30110"}],"wp:term":[{"taxonomy":"category","embeddable":true,"href":"https:\/\/www.troesser.de\/blog\/wp-json\/wp\/v2\/categories?post=30110"},{"taxonomy":"post_tag","embeddable":true,"href":"https:\/\/www.troesser.de\/blog\/wp-json\/wp\/v2\/tags?post=30110"},{"taxonomy":"author","embeddable":true,"href":"https:\/\/www.troesser.de\/blog\/wp-json\/wp\/v2\/coauthors?post=30110"}],"curies":[{"name":"wp","href":"https:\/\/api.w.org\/{rel}","templated":true}]}}