{"id":30036,"date":"2025-06-18T15:29:47","date_gmt":"2025-06-18T13:29:47","guid":{"rendered":"https:\/\/www.uni-polster.de\/blog\/?p=30036"},"modified":"2025-07-17T15:40:39","modified_gmt":"2025-07-17T13:40:39","slug":"funktionale-polstermoebel-die-funktion-im-fokus","status":"publish","type":"post","link":"https:\/\/www.troesser.de\/blog\/funktionale-polstermoebel-die-funktion-im-fokus\/","title":{"rendered":"Funktionale Polsterm\u00f6bel &#8211; die Funktion im Fokus"},"content":{"rendered":"\t\t<div data-elementor-type=\"wp-post\" data-elementor-id=\"30036\" class=\"elementor elementor-30036\">\n\t\t\t\t\t\t<section class=\"elementor-section elementor-top-section elementor-element elementor-element-32c1874 elementor-section-boxed elementor-section-height-default elementor-section-height-default\" data-id=\"32c1874\" data-element_type=\"section\" data-e-type=\"section\">\n\t\t\t\t\t\t<div class=\"elementor-container elementor-column-gap-default\">\n\t\t\t\t\t<div class=\"elementor-column elementor-col-100 elementor-top-column elementor-element elementor-element-faed38e\" data-id=\"faed38e\" data-element_type=\"column\" data-e-type=\"column\">\n\t\t\t<div class=\"elementor-widget-wrap elementor-element-populated\">\n\t\t\t\t\t\t<div class=\"elementor-element elementor-element-ab3d4a3 elementor-widget elementor-widget-text-editor\" data-id=\"ab3d4a3\" data-element_type=\"widget\" data-e-type=\"widget\" data-widget_type=\"text-editor.default\">\n\t\t\t\t<div class=\"elementor-widget-container\">\n\t\t\t\t\t\t\t\t\t<p><strong>Funktionale Polsterm\u00f6bel<\/strong> &#8211; hier ist die Funktion im Fokus. Denn Sie bieten das wohl <strong>h\u00f6chste Ma\u00df an Komfort bei M\u00f6beln<\/strong>. Unter den modernen Polstern verbirgt sich heutzutage weitaus mehr, als man auf den ersten Blick zu denken wagt.<\/p><p>Sofas und Sessel stellen sich oftmals als echtes Multitalent heraus und schaffen es, nicht nur mit einem bequemen Polster, sondern auch mit ausgekl\u00fcgelter Funktionalit\u00e4t zu begeistern. TR\u00d6SSER bietet eine vielseitige Auswahl an Design Sesseln und Sofas &#8211; hier ist f\u00fcr jeden Geschmack und jedes Bed\u00fcrfnis etwas dabei.<\/p>\t\t\t\t\t\t\t\t<\/div>\n\t\t\t\t<\/div>\n\t\t\t\t<div class=\"elementor-element elementor-element-382f6e6 elementor-widget elementor-widget-heading\" data-id=\"382f6e6\" data-element_type=\"widget\" data-e-type=\"widget\" data-widget_type=\"heading.default\">\n\t\t\t\t<div class=\"elementor-widget-container\">\n\t\t\t\t\t<h2 class=\"elementor-heading-title elementor-size-default\"><span class=\"ez-toc-section\" id=\"Pure_Flexibilitaet_bei_Funktionalen_Moebeln\"><\/span>Pure Flexibilit\u00e4t bei Funktionalen M\u00f6beln\n<span class=\"ez-toc-section-end\"><\/span><\/h2>\t\t\t\t<\/div>\n\t\t\t\t<\/div>\n\t\t\t\t<div class=\"elementor-element elementor-element-c25c863 elementor-widget elementor-widget-image\" data-id=\"c25c863\" data-element_type=\"widget\" data-e-type=\"widget\" data-widget_type=\"image.default\">\n\t\t\t\t<div class=\"elementor-widget-container\">\n\t\t\t\t\t\t\t\t\t\t\t\t<figure class=\"wp-caption\">\n\t\t\t\t\t\t\t\t\t\t\t<a href=\"https:\/\/www.troesser.de\/blog\/wp-content\/uploads\/sites\/2\/2025\/06\/Sofa_maxime_in_leder_africa-mit-Funktion.jpg\" data-elementor-open-lightbox=\"yes\" data-elementor-lightbox-title=\"CAMPO DE\u00b4FIORI Designer Sofa Maxime mit Kopfteilverstellung in Leder\" data-e-action-hash=\"#elementor-action%3Aaction%3Dlightbox%26settings%3DeyJpZCI6MzAwNDUsInVybCI6Imh0dHBzOlwvXC93d3cudHJvZXNzZXIuZGVcL2Jsb2dcL3dwLWNvbnRlbnRcL3VwbG9hZHNcL3NpdGVzXC8yXC8yMDI1XC8wNlwvU29mYV9tYXhpbWVfaW5fbGVkZXJfYWZyaWNhLW1pdC1GdW5rdGlvbi5qcGcifQ%3D%3D\">\n\t\t\t\t\t\t\t<img fetchpriority=\"high\" decoding=\"async\" width=\"768\" height=\"512\" src=\"\" class=\"attachment-jkd-wide-size-medium size-jkd-wide-size-medium wp-image-30045 lqip\" alt=\"CAMPO DE\u00b4FIORI Designer Sofa Maxime mit Kopfteilverstellung in Leder - Funktionale Polsterm\u00f6bel\" srcset=\"\" sizes=\"(max-width: 768px) 100vw, 768px\" data-lqip=\"https:\/\/www.troesser.de\/blog\/wp-content\/uploads\/sites\/2\/2025\/06\/Sofa_maxime_in_leder_africa-mit-Funktion-153x102.jpg\" data-src=\"https:\/\/www.troesser.de\/blog\/wp-content\/uploads\/sites\/2\/2025\/06\/Sofa_maxime_in_leder_africa-mit-Funktion-768x512.jpg\" data-srcset=\"https:\/\/www.troesser.de\/blog\/wp-content\/uploads\/sites\/2\/2025\/06\/Sofa_maxime_in_leder_africa-mit-Funktion-768x512.jpg 768w, https:\/\/www.troesser.de\/blog\/wp-content\/uploads\/sites\/2\/2025\/06\/Sofa_maxime_in_leder_africa-mit-Funktion-300x200.jpg 300w, https:\/\/www.troesser.de\/blog\/wp-content\/uploads\/sites\/2\/2025\/06\/Sofa_maxime_in_leder_africa-mit-Funktion-540x360.jpg 540w, https:\/\/www.troesser.de\/blog\/wp-content\/uploads\/sites\/2\/2025\/06\/Sofa_maxime_in_leder_africa-mit-Funktion-1024x683.jpg 1024w, https:\/\/www.troesser.de\/blog\/wp-content\/uploads\/sites\/2\/2025\/06\/Sofa_maxime_in_leder_africa-mit-Funktion-1440x960.jpg 1440w, https:\/\/www.troesser.de\/blog\/wp-content\/uploads\/sites\/2\/2025\/06\/Sofa_maxime_in_leder_africa-mit-Funktion-64x43.jpg 64w, https:\/\/www.troesser.de\/blog\/wp-content\/uploads\/sites\/2\/2025\/06\/Sofa_maxime_in_leder_africa-mit-Funktion-108x72.jpg 108w, https:\/\/www.troesser.de\/blog\/wp-content\/uploads\/sites\/2\/2025\/06\/Sofa_maxime_in_leder_africa-mit-Funktion-153x102.jpg 153w, https:\/\/www.troesser.de\/blog\/wp-content\/uploads\/sites\/2\/2025\/06\/Sofa_maxime_in_leder_africa-mit-Funktion-204x136.jpg 204w, https:\/\/www.troesser.de\/blog\/wp-content\/uploads\/sites\/2\/2025\/06\/Sofa_maxime_in_leder_africa-mit-Funktion-288x192.jpg 288w, https:\/\/www.troesser.de\/blog\/wp-content\/uploads\/sites\/2\/2025\/06\/Sofa_maxime_in_leder_africa-mit-Funktion-384x256.jpg 384w\" \/>\t\t\t\t\t\t\t\t<\/a>\n\t\t\t\t\t\t\t\t\t\t\t<figcaption class=\"widget-image-caption wp-caption-text\">CAMPO DE\u00b4FIORI Designer Sofa Maxime mit Kopfteilverstellung in Leder<\/figcaption>\n\t\t\t\t\t\t\t\t\t\t<\/figure>\n\t\t\t\t\t\t\t\t\t<\/div>\n\t\t\t\t<\/div>\n\t\t\t\t<div class=\"elementor-element elementor-element-37570ab elementor-align-center elementor-widget elementor-widget-button\" data-id=\"37570ab\" data-element_type=\"widget\" data-e-type=\"widget\" data-widget_type=\"button.default\">\n\t\t\t\t<div class=\"elementor-widget-container\">\n\t\t\t\t\t\t\t\t\t<div class=\"elementor-button-wrapper\">\n\t\t\t\t\t<a class=\"elementor-button elementor-button-link elementor-size-sm\" href=\"https:\/\/www.troesser.de\/campo-de-fiori-designer-sofa-maxime-mit-kopfteilverstellung-in-leder-grau-ohne-funktion\">\n\t\t\t\t\t\t<span class=\"elementor-button-content-wrapper\">\n\t\t\t\t\t\t<span class=\"elementor-button-icon\">\n\t\t\t\t<svg aria-hidden=\"true\" class=\"e-font-icon-svg e-fas-shopping-cart\" viewBox=\"0 0 576 512\" xmlns=\"http:\/\/www.w3.org\/2000\/svg\"><path d=\"M528.12 301.319l47.273-208C578.806 78.301 567.391 64 551.99 64H159.208l-9.166-44.81C147.758 8.021 137.93 0 126.529 0H24C10.745 0 0 10.745 0 24v16c0 13.255 10.745 24 24 24h69.883l70.248 343.435C147.325 417.1 136 435.222 136 456c0 30.928 25.072 56 56 56s56-25.072 56-56c0-15.674-6.447-29.835-16.824-40h209.647C430.447 426.165 424 440.326 424 456c0 30.928 25.072 56 56 56s56-25.072 56-56c0-22.172-12.888-41.332-31.579-50.405l5.517-24.276c3.413-15.018-8.002-29.319-23.403-29.319H218.117l-6.545-32h293.145c11.206 0 20.92-7.754 23.403-18.681z\"><\/path><\/svg>\t\t\t<\/span>\n\t\t\t\t\t\t\t\t\t<span class=\"elementor-button-text\">im Onlineshop ansehen<\/span>\n\t\t\t\t\t<\/span>\n\t\t\t\t\t<\/a>\n\t\t\t\t<\/div>\n\t\t\t\t\t\t\t\t<\/div>\n\t\t\t\t<\/div>\n\t\t\t\t<div class=\"elementor-element elementor-element-0d700f8 elementor-widget elementor-widget-text-editor\" data-id=\"0d700f8\" data-element_type=\"widget\" data-e-type=\"widget\" data-widget_type=\"text-editor.default\">\n\t\t\t\t<div class=\"elementor-widget-container\">\n\t\t\t\t\t\t\t\t\t<p>Die Anspr\u00fcche an ein Sofa sind oftmals gro\u00df &#8211; Hierbei spielt die Sitztiefe eine elementare Rolle. Ist die Sitztiefe zu gering, bietet sie zu wenig Platz; ist sie zu breit, leidet oftmals der Sitzkomfort. <strong>Ein <a href=\"https:\/\/www.uni-polster.de\/sofas\/?order=topseller&amp;p=1&amp;properties=9fb6454c1a8b4b79b1678af01772f0e6%7C10511cfff9884fdfacb8cd965082af13%7Ca880be35204e40319d03566717ac2a56%7C8408e5d24e204505bafa58e20f871b15\" target=\"_blank\" rel=\"noopener\">Sofa mit Sitzvorzug<\/a><\/strong> bietet hierf\u00fcr die perfekte L\u00f6sung. Eine integrierte motorische Funktion erlaubt es, die <strong>Sitzfl\u00e4che je nach Belieben aus- und wieder einzufahren<\/strong>. Dies geschieht kinderleicht per einfachem Knopfdruck.<\/p><p>Dadurch hat jeder die M\u00f6glichkeit die <strong>Sitztiefe<\/strong> seines Sofas <strong>ganz individuell<\/strong> und nach pers\u00f6nlichen Bed\u00fcrfnis <strong>zu bestimmen<\/strong>. Ob zum Sitzen, Relaxen oder f\u00fcr einen spontanen \u00dcbernachtungsgast \u2013 die Sitzfl\u00e4che passt sich perfekt an jedes Lebensbed\u00fcrfnis an und bietet ein Maximum an Flexibilit\u00e4t.<\/p>\t\t\t\t\t\t\t\t<\/div>\n\t\t\t\t<\/div>\n\t\t\t\t<div class=\"elementor-element elementor-element-2f5f325 elementor-widget elementor-widget-heading\" data-id=\"2f5f325\" data-element_type=\"widget\" data-e-type=\"widget\" data-widget_type=\"heading.default\">\n\t\t\t\t<div class=\"elementor-widget-container\">\n\t\t\t\t\t<h2 class=\"elementor-heading-title elementor-size-default\"><span class=\"ez-toc-section\" id=\"Funktionale_Polstermoebel_Komfortabel_entspannen_und_Relaxen\"><\/span>Funktionale Polsterm\u00f6bel: Komfortabel entspannen und Relaxen<span class=\"ez-toc-section-end\"><\/span><\/h2>\t\t\t\t<\/div>\n\t\t\t\t<\/div>\n\t\t\t\t<div class=\"elementor-element elementor-element-addddc5 elementor-widget elementor-widget-text-editor\" data-id=\"addddc5\" data-element_type=\"widget\" data-e-type=\"widget\" data-widget_type=\"text-editor.default\">\n\t\t\t\t<div class=\"elementor-widget-container\">\n\t\t\t\t\t\t\t\t\t<p>Sofas mit Relaxfunktion sind wahre Highlights in der Polsterwelt. Was auf den ersten Blick wie ein normales Designer Sofa aussieht, l\u00e4sst sich in eine wahre Relaxing-Oase verwandeln. Ein einfacher Knopfdruck macht eine individuelle Einstellung von Kopf- und Fu\u00dfteil m\u00f6glich, sodass einer optimalen Liegeposition nichts mehr im Wege steht.<\/p>\t\t\t\t\t\t\t\t<\/div>\n\t\t\t\t<\/div>\n\t\t\t\t<div class=\"elementor-element elementor-element-5ba3734 elementor-widget elementor-widget-image\" data-id=\"5ba3734\" data-element_type=\"widget\" data-e-type=\"widget\" data-widget_type=\"image.default\">\n\t\t\t\t<div class=\"elementor-widget-container\">\n\t\t\t\t\t\t\t\t\t\t\t\t<figure class=\"wp-caption\">\n\t\t\t\t\t\t\t\t\t\t\t<a href=\"https:\/\/www.troesser.de\/blog\/wp-content\/uploads\/sites\/2\/2025\/05\/Cuoio_Entspannen.jpg\" data-elementor-open-lightbox=\"yes\" data-elementor-lightbox-title=\"Echtleder Ecksofa mit Funktion\" data-e-action-hash=\"#elementor-action%3Aaction%3Dlightbox%26settings%3DeyJpZCI6Mjk0MTUsInVybCI6Imh0dHBzOlwvXC93d3cudHJvZXNzZXIuZGVcL2Jsb2dcL3dwLWNvbnRlbnRcL3VwbG9hZHNcL3NpdGVzXC8yXC8yMDI1XC8wNVwvQ3VvaW9fRW50c3Bhbm5lbi5qcGcifQ%3D%3D\">\n\t\t\t\t\t\t\t<img decoding=\"async\" width=\"768\" height=\"512\" src=\"\" class=\"attachment-jkd-wide-size-medium size-jkd-wide-size-medium wp-image-29415 lqip\" alt=\"Echtleder Ecksofa mit Funktion\" srcset=\"\" sizes=\"(max-width: 768px) 100vw, 768px\" data-lqip=\"https:\/\/www.troesser.de\/blog\/wp-content\/uploads\/sites\/2\/2025\/05\/Cuoio_Entspannen-153x102.jpg\" data-src=\"https:\/\/www.troesser.de\/blog\/wp-content\/uploads\/sites\/2\/2025\/05\/Cuoio_Entspannen-768x512.jpg\" data-srcset=\"https:\/\/www.troesser.de\/blog\/wp-content\/uploads\/sites\/2\/2025\/05\/Cuoio_Entspannen-768x512.jpg 768w, https:\/\/www.troesser.de\/blog\/wp-content\/uploads\/sites\/2\/2025\/05\/Cuoio_Entspannen-300x200.jpg 300w, https:\/\/www.troesser.de\/blog\/wp-content\/uploads\/sites\/2\/2025\/05\/Cuoio_Entspannen-540x360.jpg 540w, https:\/\/www.troesser.de\/blog\/wp-content\/uploads\/sites\/2\/2025\/05\/Cuoio_Entspannen-64x43.jpg 64w, https:\/\/www.troesser.de\/blog\/wp-content\/uploads\/sites\/2\/2025\/05\/Cuoio_Entspannen-108x72.jpg 108w, https:\/\/www.troesser.de\/blog\/wp-content\/uploads\/sites\/2\/2025\/05\/Cuoio_Entspannen-153x102.jpg 153w, https:\/\/www.troesser.de\/blog\/wp-content\/uploads\/sites\/2\/2025\/05\/Cuoio_Entspannen-204x136.jpg 204w, https:\/\/www.troesser.de\/blog\/wp-content\/uploads\/sites\/2\/2025\/05\/Cuoio_Entspannen-288x192.jpg 288w, https:\/\/www.troesser.de\/blog\/wp-content\/uploads\/sites\/2\/2025\/05\/Cuoio_Entspannen-384x256.jpg 384w\" \/>\t\t\t\t\t\t\t\t<\/a>\n\t\t\t\t\t\t\t\t\t\t\t<figcaption class=\"widget-image-caption wp-caption-text\">Echtleder Ecksofa mit Funktion<\/figcaption>\n\t\t\t\t\t\t\t\t\t\t<\/figure>\n\t\t\t\t\t\t\t\t\t<\/div>\n\t\t\t\t<\/div>\n\t\t\t\t<div class=\"elementor-element elementor-element-54ca002 elementor-align-center elementor-widget elementor-widget-button\" data-id=\"54ca002\" data-element_type=\"widget\" data-e-type=\"widget\" data-widget_type=\"button.default\">\n\t\t\t\t<div class=\"elementor-widget-container\">\n\t\t\t\t\t\t\t\t\t<div class=\"elementor-button-wrapper\">\n\t\t\t\t\t<a class=\"elementor-button elementor-button-link elementor-size-sm\" href=\"https:\/\/www.troesser.de\/musterring-ecksofa-leder-mr9120-motor-relaxfunktion\">\n\t\t\t\t\t\t<span class=\"elementor-button-content-wrapper\">\n\t\t\t\t\t\t<span class=\"elementor-button-icon\">\n\t\t\t\t<svg aria-hidden=\"true\" class=\"e-font-icon-svg e-fas-shopping-cart\" viewBox=\"0 0 576 512\" xmlns=\"http:\/\/www.w3.org\/2000\/svg\"><path d=\"M528.12 301.319l47.273-208C578.806 78.301 567.391 64 551.99 64H159.208l-9.166-44.81C147.758 8.021 137.93 0 126.529 0H24C10.745 0 0 10.745 0 24v16c0 13.255 10.745 24 24 24h69.883l70.248 343.435C147.325 417.1 136 435.222 136 456c0 30.928 25.072 56 56 56s56-25.072 56-56c0-15.674-6.447-29.835-16.824-40h209.647C430.447 426.165 424 440.326 424 456c0 30.928 25.072 56 56 56s56-25.072 56-56c0-22.172-12.888-41.332-31.579-50.405l5.517-24.276c3.413-15.018-8.002-29.319-23.403-29.319H218.117l-6.545-32h293.145c11.206 0 20.92-7.754 23.403-18.681z\"><\/path><\/svg>\t\t\t<\/span>\n\t\t\t\t\t\t\t\t\t<span class=\"elementor-button-text\">im Onlineshop ansehen<\/span>\n\t\t\t\t\t<\/span>\n\t\t\t\t\t<\/a>\n\t\t\t\t<\/div>\n\t\t\t\t\t\t\t\t<\/div>\n\t\t\t\t<\/div>\n\t\t\t\t<div class=\"elementor-element elementor-element-bfcfd5e elementor-widget elementor-widget-text-editor\" data-id=\"bfcfd5e\" data-element_type=\"widget\" data-e-type=\"widget\" data-widget_type=\"text-editor.default\">\n\t\t\t\t<div class=\"elementor-widget-container\">\n\t\t\t\t\t\t\t\t\t<p>Dadurch bieten <a href=\"https:\/\/www.troesser.de\/sofas\/?order=topseller&amp;p=1&amp;properties=c3b2a6a1f41a4f0bbc3ee0c5ed6419d0%7C9fb6454c1a8b4b79b1678af01772f0e6%7C10511cfff9884fdfacb8cd965082af13%7Ca880be35204e40319d03566717ac2a56%7C8408e5d24e204505bafa58e20f871b15\" target=\"_blank\" rel=\"noopener\">Sofas mit Relaxfunktion<\/a> ein H\u00f6chstma\u00df an Komfort und sorgen f\u00fcr ein wahres Wohlf\u00fchlvergn\u00fcgen. Perfekt, um sich nach einem anstrengenden Tag zur\u00fcckzulehnen und die Beine hochzulegen.<\/p>\t\t\t\t\t\t\t\t<\/div>\n\t\t\t\t<\/div>\n\t\t\t\t<div class=\"elementor-element elementor-element-a9eb66b elementor-widget elementor-widget-heading\" data-id=\"a9eb66b\" data-element_type=\"widget\" data-e-type=\"widget\" data-widget_type=\"heading.default\">\n\t\t\t\t<div class=\"elementor-widget-container\">\n\t\t\t\t\t<h2 class=\"elementor-heading-title elementor-size-default\"><span class=\"ez-toc-section\" id=\"Aufstehen_leicht_gemacht_die_Aufstehhilfe\"><\/span>Aufstehen leicht gemacht: die Aufstehhilfe<span class=\"ez-toc-section-end\"><\/span><\/h2>\t\t\t\t<\/div>\n\t\t\t\t<\/div>\n\t\t\t\t<div class=\"elementor-element elementor-element-b369848 elementor-widget elementor-widget-text-editor\" data-id=\"b369848\" data-element_type=\"widget\" data-e-type=\"widget\" data-widget_type=\"text-editor.default\">\n\t\t\t\t<div class=\"elementor-widget-container\">\n\t\t\t\t\t\t\t\t\t<p>Neben den f\u00fcr den Komfort essentiellen Funktionen, der <strong>motorischen Kopf- und Fu\u00dfteilverstellung<\/strong> bieten <a href=\"https:\/\/www.troesser.de\/relaxsessel\/\" target=\"_blank\" rel=\"noopener\"><strong>Relaxsessel<\/strong><\/a> oftmals zus\u00e4tzliche Highlights, die das Leben gem\u00fctlicher machen. Eines davon ist die <a href=\"https:\/\/www.troesser.de\/relaxsessel\/?order=acris-score-desc&amp;p=1&amp;properties=9fb6454c1a8b4b79b1678af01772f0e6%7C10511cfff9884fdfacb8cd965082af13%7C4ad9e5f18f9d4c30854cd8fa81ec0368%7Cbb10451537f840d695b15404f4137879\" target=\"_blank\" rel=\"noopener\"><strong>motorische Aufstehhilfe<\/strong><\/a>. Wann immer man zu m\u00fcde oder zu ersch\u00f6pft ist, um aus dem komfortablen Sessel aufzustehen, hilft sie einem dabei. Wie so oft gen\u00fcgt hierzu ein einfacher Knopfdruck.<\/p><p>Der <a href=\"https:\/\/www.troesser.de\/sessel\/\" target=\"_blank\" rel=\"noopener\"><strong>Sessel<\/strong><\/a> f\u00e4hrt sich anschlie\u00dfend automatisch hoch und neigt sich nach vorne, sodass man mit minimalstem Kraftaufwand aufstehen kann. Diese Funktion bietet ein optimales Wohlf\u00fchlerlebnis und einen Komfort der Extraklasse \u2013 Aufstehen war niemals einfacher.<\/p>\t\t\t\t\t\t\t\t<\/div>\n\t\t\t\t<\/div>\n\t\t\t\t<div class=\"elementor-element elementor-element-73b6817 elementor-widget elementor-widget-image\" data-id=\"73b6817\" data-element_type=\"widget\" data-e-type=\"widget\" data-widget_type=\"image.default\">\n\t\t\t\t<div class=\"elementor-widget-container\">\n\t\t\t\t\t\t\t\t\t\t\t\t<figure class=\"wp-caption\">\n\t\t\t\t\t\t\t\t\t\t\t<a href=\"https:\/\/www.uni-polster.de\/blog\/wp-content\/uploads\/2025\/06\/leder-relaxsessel-porto-mit-motor-akku-und-aufstehhilfe-0979002503ww-3.webp\" data-elementor-open-lightbox=\"yes\" data-elementor-lightbox-title=\"Leder Relaxsessel Porto mit Motor, Akku und Aufstehhilfe\" data-e-action-hash=\"#elementor-action%3Aaction%3Dlightbox%26settings%3DeyJpZCI6MzAwMzksInVybCI6Imh0dHBzOlwvXC93d3cudHJvZXNzZXIuZGVcL2Jsb2dcL3dwLWNvbnRlbnRcL3VwbG9hZHNcL3NpdGVzXC8yXC8yMDI1XC8wNlwvbGVkZXItcmVsYXhzZXNzZWwtcG9ydG8tbWl0LW1vdG9yLWFra3UtdW5kLWF1ZnN0ZWhoaWxmZS0wOTc5MDAyNTAzd3ctMy53ZWJwIn0%3D\">\n\t\t\t\t\t\t\t<img decoding=\"async\" width=\"1440\" height=\"960\" src=\"\" class=\"attachment-jkd-wide-size-extra-large size-jkd-wide-size-extra-large wp-image-30039 lqip\" alt=\"Leder Relaxsessel Porto mit Motor, Akku und Aufstehhilfe\" srcset=\"\" sizes=\"(max-width: 1440px) 100vw, 1440px\" data-lqip=\"https:\/\/www.troesser.de\/blog\/wp-content\/uploads\/sites\/2\/2025\/06\/leder-relaxsessel-porto-mit-motor-akku-und-aufstehhilfe-0979002503ww-3-288x192.webp\" data-src=\"https:\/\/www.troesser.de\/blog\/wp-content\/uploads\/sites\/2\/2025\/06\/leder-relaxsessel-porto-mit-motor-akku-und-aufstehhilfe-0979002503ww-3-1440x960.webp\" data-srcset=\"https:\/\/www.troesser.de\/blog\/wp-content\/uploads\/sites\/2\/2025\/06\/leder-relaxsessel-porto-mit-motor-akku-und-aufstehhilfe-0979002503ww-3-1440x960.webp 1440w, https:\/\/www.troesser.de\/blog\/wp-content\/uploads\/sites\/2\/2025\/06\/leder-relaxsessel-porto-mit-motor-akku-und-aufstehhilfe-0979002503ww-3-300x200.webp 300w, https:\/\/www.troesser.de\/blog\/wp-content\/uploads\/sites\/2\/2025\/06\/leder-relaxsessel-porto-mit-motor-akku-und-aufstehhilfe-0979002503ww-3-540x360.webp 540w, https:\/\/www.troesser.de\/blog\/wp-content\/uploads\/sites\/2\/2025\/06\/leder-relaxsessel-porto-mit-motor-akku-und-aufstehhilfe-0979002503ww-3-768x512.webp 768w, https:\/\/www.troesser.de\/blog\/wp-content\/uploads\/sites\/2\/2025\/06\/leder-relaxsessel-porto-mit-motor-akku-und-aufstehhilfe-0979002503ww-3-1024x683.webp 1024w, https:\/\/www.troesser.de\/blog\/wp-content\/uploads\/sites\/2\/2025\/06\/leder-relaxsessel-porto-mit-motor-akku-und-aufstehhilfe-0979002503ww-3-64x43.webp 64w, https:\/\/www.troesser.de\/blog\/wp-content\/uploads\/sites\/2\/2025\/06\/leder-relaxsessel-porto-mit-motor-akku-und-aufstehhilfe-0979002503ww-3-108x72.webp 108w, https:\/\/www.troesser.de\/blog\/wp-content\/uploads\/sites\/2\/2025\/06\/leder-relaxsessel-porto-mit-motor-akku-und-aufstehhilfe-0979002503ww-3-153x102.webp 153w, https:\/\/www.troesser.de\/blog\/wp-content\/uploads\/sites\/2\/2025\/06\/leder-relaxsessel-porto-mit-motor-akku-und-aufstehhilfe-0979002503ww-3-204x136.webp 204w, https:\/\/www.troesser.de\/blog\/wp-content\/uploads\/sites\/2\/2025\/06\/leder-relaxsessel-porto-mit-motor-akku-und-aufstehhilfe-0979002503ww-3-288x192.webp 288w, https:\/\/www.troesser.de\/blog\/wp-content\/uploads\/sites\/2\/2025\/06\/leder-relaxsessel-porto-mit-motor-akku-und-aufstehhilfe-0979002503ww-3-384x256.webp 384w\" \/>\t\t\t\t\t\t\t\t<\/a>\n\t\t\t\t\t\t\t\t\t\t\t<figcaption class=\"widget-image-caption wp-caption-text\">Leder Relaxsessel Porto mit Motor, Akku und Aufstehhilfe<\/figcaption>\n\t\t\t\t\t\t\t\t\t\t<\/figure>\n\t\t\t\t\t\t\t\t\t<\/div>\n\t\t\t\t<\/div>\n\t\t\t\t<div class=\"elementor-element elementor-element-abef2a7 elementor-align-center elementor-widget elementor-widget-button\" data-id=\"abef2a7\" data-element_type=\"widget\" data-e-type=\"widget\" data-widget_type=\"button.default\">\n\t\t\t\t<div class=\"elementor-widget-container\">\n\t\t\t\t\t\t\t\t\t<div class=\"elementor-button-wrapper\">\n\t\t\t\t\t<a class=\"elementor-button elementor-button-link elementor-size-sm\" href=\"https:\/\/www.troesser.de\/leder-relaxsessel-porto-mit-motor-akku-und-aufstehhilfe-schwarz\">\n\t\t\t\t\t\t<span class=\"elementor-button-content-wrapper\">\n\t\t\t\t\t\t<span class=\"elementor-button-icon\">\n\t\t\t\t<svg aria-hidden=\"true\" class=\"e-font-icon-svg e-fas-shopping-cart\" viewBox=\"0 0 576 512\" xmlns=\"http:\/\/www.w3.org\/2000\/svg\"><path d=\"M528.12 301.319l47.273-208C578.806 78.301 567.391 64 551.99 64H159.208l-9.166-44.81C147.758 8.021 137.93 0 126.529 0H24C10.745 0 0 10.745 0 24v16c0 13.255 10.745 24 24 24h69.883l70.248 343.435C147.325 417.1 136 435.222 136 456c0 30.928 25.072 56 56 56s56-25.072 56-56c0-15.674-6.447-29.835-16.824-40h209.647C430.447 426.165 424 440.326 424 456c0 30.928 25.072 56 56 56s56-25.072 56-56c0-22.172-12.888-41.332-31.579-50.405l5.517-24.276c3.413-15.018-8.002-29.319-23.403-29.319H218.117l-6.545-32h293.145c11.206 0 20.92-7.754 23.403-18.681z\"><\/path><\/svg>\t\t\t<\/span>\n\t\t\t\t\t\t\t\t\t<span class=\"elementor-button-text\">im Onlineshop ansehen<\/span>\n\t\t\t\t\t<\/span>\n\t\t\t\t\t<\/a>\n\t\t\t\t<\/div>\n\t\t\t\t\t\t\t\t<\/div>\n\t\t\t\t<\/div>\n\t\t\t\t<div class=\"elementor-element elementor-element-4f85658 elementor-widget elementor-widget-heading\" data-id=\"4f85658\" data-element_type=\"widget\" data-e-type=\"widget\" data-widget_type=\"heading.default\">\n\t\t\t\t<div class=\"elementor-widget-container\">\n\t\t\t\t\t<h2 class=\"elementor-heading-title elementor-size-default\"><span class=\"ez-toc-section\" id=\"Tiefenentspannt_bis_in_die_Zehenspitzen_Funktionale_Polstermoebel\"><\/span>Tiefenentspannt bis in die Zehenspitzen: Funktionale Polsterm\u00f6bel<span class=\"ez-toc-section-end\"><\/span><\/h2>\t\t\t\t<\/div>\n\t\t\t\t<\/div>\n\t\t\t\t<div class=\"elementor-element elementor-element-637026f elementor-widget elementor-widget-text-editor\" data-id=\"637026f\" data-element_type=\"widget\" data-e-type=\"widget\" data-widget_type=\"text-editor.default\">\n\t\t\t\t<div class=\"elementor-widget-container\">\n\t\t\t\t\t\t\t\t\t<p>Einige Relaxsessel Hersteller erweitern die M\u00f6glichkeiten der individuellen Fu\u00df- und R\u00fcckenposition durch eine spezielle Herz-Waage-Funktion, die dem K\u00f6rper die M\u00f6glichkeit bietet, pure Entspannung zu erfahren. Bei der <a href=\"https:\/\/www.troesser.de\/relaxsessel\/?order=acris-score-desc&amp;p=1&amp;properties=0196c47c4f9d79d38de5b40e372cd098\" target=\"_blank\" rel=\"noopener\"><strong>Herz-Waage-Funktion<\/strong><\/a> \u2764\ufe0f\u2696\ufe0f l\u00e4sst sich der Relaxsessel in eine besondere Position bringen, bei der sich <strong>die Beine auf der gleichen Ebene wie das Herz befinden<\/strong>.<\/p><p>Dies <strong>erleichtert die Zirkulation des Blutes<\/strong>, denn es muss nicht mehr von den Beinen bis hoch zum Herzen gedr\u00fcckt werden. Durch die waagerechte Position kann das Blut entspannt zirkulieren &#8211; hier werden K\u00f6rper und Seele in Einklang gebracht und k\u00f6nnen perfekt entspannen.<\/p>\t\t\t\t\t\t\t\t<\/div>\n\t\t\t\t<\/div>\n\t\t\t\t<div class=\"elementor-element elementor-element-e8c7841 elementor-widget elementor-widget-image\" data-id=\"e8c7841\" data-element_type=\"widget\" data-e-type=\"widget\" data-widget_type=\"image.default\">\n\t\t\t\t<div class=\"elementor-widget-container\">\n\t\t\t\t\t\t\t\t\t\t\t\t<figure class=\"wp-caption\">\n\t\t\t\t\t\t\t\t\t\t\t<a href=\"https:\/\/www.uni-polster.de\/blog\/wp-content\/uploads\/2025\/06\/Sessel-Herz-Waage-Funktion.jpg\" data-elementor-open-lightbox=\"yes\" data-elementor-lightbox-title=\"Sessel mit Herz Waage-Funktion\" data-e-action-hash=\"#elementor-action%3Aaction%3Dlightbox%26settings%3DeyJpZCI6MzAwNDAsInVybCI6Imh0dHBzOlwvXC93d3cudHJvZXNzZXIuZGVcL2Jsb2dcL3dwLWNvbnRlbnRcL3VwbG9hZHNcL3NpdGVzXC8yXC8yMDI1XC8wNlwvU2Vzc2VsLUhlcnotV2FhZ2UtRnVua3Rpb24uanBnIn0%3D\">\n\t\t\t\t\t\t\t<img loading=\"lazy\" decoding=\"async\" width=\"670\" height=\"385\" src=\"\" class=\"attachment-jkd-wide-size-extra-large size-jkd-wide-size-extra-large wp-image-30040 lqip\" alt=\"Sessel mit Herz Waage-Funktion\" srcset=\"\" sizes=\"(max-width: 670px) 100vw, 670px\" data-lqip=\"https:\/\/www.troesser.de\/blog\/wp-content\/uploads\/sites\/2\/2025\/06\/Sessel-Herz-Waage-Funktion-288x192.jpg\" data-src=\"https:\/\/www.troesser.de\/blog\/wp-content\/uploads\/sites\/2\/2025\/06\/Sessel-Herz-Waage-Funktion.jpg\" data-srcset=\"https:\/\/www.troesser.de\/blog\/wp-content\/uploads\/sites\/2\/2025\/06\/Sessel-Herz-Waage-Funktion.jpg 670w, https:\/\/www.troesser.de\/blog\/wp-content\/uploads\/sites\/2\/2025\/06\/Sessel-Herz-Waage-Funktion-300x172.jpg 300w\" \/>\t\t\t\t\t\t\t\t<\/a>\n\t\t\t\t\t\t\t\t\t\t\t<figcaption class=\"widget-image-caption wp-caption-text\">Relaxsessel mit Herz Waage Funktion<\/figcaption>\n\t\t\t\t\t\t\t\t\t\t<\/figure>\n\t\t\t\t\t\t\t\t\t<\/div>\n\t\t\t\t<\/div>\n\t\t\t\t<div class=\"elementor-element elementor-element-7dfa991 elementor-align-center elementor-widget elementor-widget-button\" data-id=\"7dfa991\" data-element_type=\"widget\" data-e-type=\"widget\" data-widget_type=\"button.default\">\n\t\t\t\t<div class=\"elementor-widget-container\">\n\t\t\t\t\t\t\t\t\t<div class=\"elementor-button-wrapper\">\n\t\t\t\t\t<a class=\"elementor-button elementor-button-link elementor-size-sm\" href=\"https:\/\/www.troesser.de\/relaxsessel\/?order=acris-score-desc&#038;p=1&#038;properties=0196c47c4f9d79d38de5b40e372cd098\">\n\t\t\t\t\t\t<span class=\"elementor-button-content-wrapper\">\n\t\t\t\t\t\t<span class=\"elementor-button-icon\">\n\t\t\t\t<svg aria-hidden=\"true\" class=\"e-font-icon-svg e-fas-shopping-cart\" viewBox=\"0 0 576 512\" xmlns=\"http:\/\/www.w3.org\/2000\/svg\"><path d=\"M528.12 301.319l47.273-208C578.806 78.301 567.391 64 551.99 64H159.208l-9.166-44.81C147.758 8.021 137.93 0 126.529 0H24C10.745 0 0 10.745 0 24v16c0 13.255 10.745 24 24 24h69.883l70.248 343.435C147.325 417.1 136 435.222 136 456c0 30.928 25.072 56 56 56s56-25.072 56-56c0-15.674-6.447-29.835-16.824-40h209.647C430.447 426.165 424 440.326 424 456c0 30.928 25.072 56 56 56s56-25.072 56-56c0-22.172-12.888-41.332-31.579-50.405l5.517-24.276c3.413-15.018-8.002-29.319-23.403-29.319H218.117l-6.545-32h293.145c11.206 0 20.92-7.754 23.403-18.681z\"><\/path><\/svg>\t\t\t<\/span>\n\t\t\t\t\t\t\t\t\t<span class=\"elementor-button-text\">im Onlineshop ansehen<\/span>\n\t\t\t\t\t<\/span>\n\t\t\t\t\t<\/a>\n\t\t\t\t<\/div>\n\t\t\t\t\t\t\t\t<\/div>\n\t\t\t\t<\/div>\n\t\t\t\t<div class=\"elementor-element elementor-element-2aaa729 elementor-widget elementor-widget-heading\" data-id=\"2aaa729\" data-element_type=\"widget\" data-e-type=\"widget\" data-widget_type=\"heading.default\">\n\t\t\t\t<div class=\"elementor-widget-container\">\n\t\t\t\t\t<h2 class=\"elementor-heading-title elementor-size-default\"><span class=\"ez-toc-section\" id=\"zu_guter_Letzt_Die_Geschichte_der_Kopfstuetze\"><\/span>zu guter Letzt: Die Geschichte der Kopfst\u00fctze<span class=\"ez-toc-section-end\"><\/span><\/h2>\t\t\t\t<\/div>\n\t\t\t\t<\/div>\n\t\t\t\t<div class=\"elementor-element elementor-element-9283863 elementor-widget elementor-widget-text-editor\" data-id=\"9283863\" data-element_type=\"widget\" data-e-type=\"widget\" data-widget_type=\"text-editor.default\">\n\t\t\t\t<div class=\"elementor-widget-container\">\n\t\t\t\t\t\t\t\t\t<p><strong>Die Kopfst\u00fctze<\/strong> ist bereits seit Jahrzehnten elementarer Bestandteil der Automobilindustrie und ist <strong>seit einigen Jahren nun auch Teil der Polsterm\u00f6belbranche<\/strong>. W\u00e4hrend Kopfst\u00fctzen aus unserem Alltag nicht mehr wegzudenken sind, kennen die wenigsten die Geschichte hinter dieser Erfindung. Mit der in den 1960ern steigenden Anzahl der Verkehrsteilnehmer vermehrten sich auch die Unf\u00e4lle im Stra\u00dfenverkehr sowie die Anzahl der Verletzten. Daraufhin wurde nach M\u00f6glichkeiten gesucht, um das Verletzungsrisiko zu minimieren.<strong> Das erste Patent f\u00fcr eine Kopfst\u00fctze<\/strong> erhielt der Amerikaner Benjamin Katz im Jahre 1921.<\/p><p>\u00a0<\/p><p>Jedoch gab es bis 1969 keinerlei Pflicht in Amerika solch eine Kopfst\u00fctze in Kraftfahrzeuge zu integrieren. Nach Deutschland kam die Kopfst\u00fctze allerdings wesentlich sp\u00e4ter. Der Pionier Karl Meier gr\u00fcndete <strong>1952<\/strong> die Firma Kamei und wurde damals durch die Erfindung der sogenannten \u201eSchlummerrolle\u201c bekannt. Diese sollte entspanntes Fahren gew\u00e4hrleisten, die Konzentration f\u00f6rdern sowie das Genick des Fahrers schonen. Diese wurde zuerst stark kritisiert, da sie die M\u00fcdigkeit des Fahrers f\u00f6rdern w\u00fcrde. Was daraus geworden ist, ist heute in allen Autos sichtbar. Allerdings gab es bis 1999 keine Vorschrift, die eine Pflicht zur Kopfst\u00fctze aussprach, obwohl den Insassen eines Fahrzeugs schwere Verletzungen drohten, wenn der Kopf bei Unf\u00e4llen nicht gesch\u00fctzt war.<\/p>\t\t\t\t\t\t\t\t<\/div>\n\t\t\t\t<\/div>\n\t\t\t\t\t<\/div>\n\t\t<\/div>\n\t\t\t\t\t<\/div>\n\t\t<\/section>\n\t\t\t\t<\/div>\n\t\t","protected":false},"excerpt":{"rendered":"<p>Funktionale Polsterm\u00f6bel &#8211; hier ist die Funktion im Fokus. Denn Sie bieten das wohl h\u00f6chste Ma\u00df an Komfort bei M\u00f6beln. Unter den modernen Polstern verbirgt sich heutzutage weitaus mehr, als man auf den ersten Blick zu denken wagt. Sofas und Sessel stellen sich oftmals als echtes Multitalent heraus und schaffen es, nicht nur mit einem [&hellip;]<\/p>\n","protected":false},"author":7,"featured_media":30044,"comment_status":"open","ping_status":"open","sticky":false,"template":"elementor_theme","format":"standard","meta":{"_acf_changed":false,"footnotes":""},"categories":[124],"tags":[128,134,137,142,143,144],"coauthors":[163],"class_list":["post-30036","post","type-post","status-publish","format-standard","has-post-thumbnail","hentry","category-tipps-ratgeber","tag-aufstehhilfe","tag-herz-waage-funktion","tag-kopfstuetzfunktion","tag-motorische-funktion","tag-polstermoebel-funktion","tag-relaxfunktion"],"acf":[],"yoast_head":"<!-- This site is optimized with the Yoast SEO plugin v27.4 - https:\/\/yoast.com\/product\/yoast-seo-wordpress\/ -->\n<title>Funktionale Polsterm\u00f6bel - die Funktion im Fokus<\/title>\n<meta name=\"description\" content=\"Mehr als nur bequem: Funktionale Polsterm\u00f6bel mit Schlaffunktion, Stauraum &amp; Relaxfunktionen - ideal f\u00fcr stilvolles und praktisches Wohnen.\" \/>\n<meta name=\"robots\" content=\"index, follow, max-snippet:-1, max-image-preview:large, max-video-preview:-1\" \/>\n<link rel=\"canonical\" href=\"https:\/\/www.troesser.de\/blog\/funktionale-polstermoebel-die-funktion-im-fokus\/\" \/>\n<meta property=\"og:locale\" content=\"de_DE\" \/>\n<meta property=\"og:type\" content=\"article\" \/>\n<meta property=\"og:title\" content=\"Funktionale Polsterm\u00f6bel - die Funktion im Fokus\" \/>\n<meta property=\"og:description\" content=\"Mehr als nur bequem: Funktionale Polsterm\u00f6bel mit Schlaffunktion, Stauraum &amp; Relaxfunktionen - ideal f\u00fcr stilvolles und praktisches Wohnen.\" \/>\n<meta property=\"og:url\" content=\"https:\/\/www.troesser.de\/blog\/funktionale-polstermoebel-die-funktion-im-fokus\/\" \/>\n<meta property=\"og:site_name\" content=\"Tr\u00f6sser Polsterm\u00f6bel Blog\" \/>\n<meta property=\"article:publisher\" content=\"https:\/\/www.facebook.com\/Polstertroesser\" \/>\n<meta property=\"article:published_time\" content=\"2025-06-18T13:29:47+00:00\" \/>\n<meta property=\"article:modified_time\" content=\"2025-07-17T13:40:39+00:00\" \/>\n<meta property=\"og:image\" content=\"https:\/\/www.troesser.de\/blog\/wp-content\/uploads\/sites\/2\/2025\/06\/Funktionale-Polstermoebel-Moebel-mit-funktion.jpg\" \/>\n\t<meta property=\"og:image:width\" content=\"1920\" \/>\n\t<meta property=\"og:image:height\" content=\"1080\" \/>\n\t<meta property=\"og:image:type\" content=\"image\/jpeg\" \/>\n<meta name=\"author\" content=\"Troesser Polsterm\u00f6bel\" \/>\n<meta name=\"twitter:card\" content=\"summary_large_image\" \/>\n<meta name=\"twitter:label1\" content=\"Verfasst von\" \/>\n\t<meta name=\"twitter:data1\" content=\"Troesser Polsterm\u00f6bel\" \/>\n\t<meta name=\"twitter:label2\" content=\"Gesch\u00e4tzte Lesezeit\" \/>\n\t<meta name=\"twitter:data2\" content=\"6\u00a0Minuten\" \/>\n\t<meta name=\"twitter:label3\" content=\"Written by\" \/>\n\t<meta name=\"twitter:data3\" content=\"Troesser Polsterm\u00f6bel\" \/>\n<script type=\"application\/ld+json\" class=\"yoast-schema-graph\">{\"@context\":\"https:\\\/\\\/schema.org\",\"@graph\":[{\"@type\":\"Article\",\"@id\":\"https:\\\/\\\/www.troesser.de\\\/blog\\\/funktionale-polstermoebel-die-funktion-im-fokus\\\/#article\",\"isPartOf\":{\"@id\":\"https:\\\/\\\/www.troesser.de\\\/blog\\\/funktionale-polstermoebel-die-funktion-im-fokus\\\/\"},\"author\":{\"name\":\"Troesser Polsterm\u00f6bel\",\"@id\":\"https:\\\/\\\/www.troesser.de\\\/blog\\\/#\\\/schema\\\/person\\\/f08a92e83e506378bf52804a75d8880a\"},\"headline\":\"Funktionale Polsterm\u00f6bel &#8211; die Funktion im Fokus\",\"datePublished\":\"2025-06-18T13:29:47+00:00\",\"dateModified\":\"2025-07-17T13:40:39+00:00\",\"mainEntityOfPage\":{\"@id\":\"https:\\\/\\\/www.troesser.de\\\/blog\\\/funktionale-polstermoebel-die-funktion-im-fokus\\\/\"},\"wordCount\":782,\"commentCount\":0,\"publisher\":{\"@id\":\"https:\\\/\\\/www.troesser.de\\\/blog\\\/#organization\"},\"image\":{\"@id\":\"https:\\\/\\\/www.troesser.de\\\/blog\\\/funktionale-polstermoebel-die-funktion-im-fokus\\\/#primaryimage\"},\"thumbnailUrl\":\"https:\\\/\\\/www.troesser.de\\\/blog\\\/wp-content\\\/uploads\\\/sites\\\/2\\\/2025\\\/06\\\/Funktionale-Polstermoebel-Moebel-mit-funktion.jpg\",\"keywords\":[\"Aufstehhilfe\",\"herz waage funktion\",\"kopfst\u00fctzfunktion\",\"motorische funktion\",\"polsterm\u00f6bel funktion\",\"relaxfunktion\"],\"articleSection\":[\"Tipps &amp; Ratgeber\"],\"inLanguage\":\"de\",\"potentialAction\":[{\"@type\":\"CommentAction\",\"name\":\"Comment\",\"target\":[\"https:\\\/\\\/www.troesser.de\\\/blog\\\/funktionale-polstermoebel-die-funktion-im-fokus\\\/#respond\"]}],\"hasPart\":[{\"@type\":\"SiteNavigationElement\",\"name\":\"Table of Contents\",\"url\":\"https:\\\/\\\/www.troesser.de\\\/blog\\\/funktionale-polstermoebel-die-funktion-im-fokus\\\/#ez-toc\",\"position\":1,\"hasPart\":[{\"@type\":\"SiteNavigationElement\",\"name\":\"Pure Flexibilit\u00e4t bei Funktionalen M\u00f6beln\",\"url\":\"https:\\\/\\\/www.troesser.de\\\/blog\\\/funktionale-polstermoebel-die-funktion-im-fokus\\\/#pure-flexibilitaet-bei-funktionalen-moebeln\",\"position\":2},{\"@type\":\"SiteNavigationElement\",\"name\":\"Funktionale Polsterm\u00f6bel: Komfortabel entspannen und Relaxen\",\"url\":\"https:\\\/\\\/www.troesser.de\\\/blog\\\/funktionale-polstermoebel-die-funktion-im-fokus\\\/#funktionale-polstermoebel-komfortabel-entspannen-und-relaxen\",\"position\":3},{\"@type\":\"SiteNavigationElement\",\"name\":\"Aufstehen leicht gemacht: die Aufstehhilfe\",\"url\":\"https:\\\/\\\/www.troesser.de\\\/blog\\\/funktionale-polstermoebel-die-funktion-im-fokus\\\/#aufstehen-leicht-gemacht-die-aufstehhilfe\",\"position\":4},{\"@type\":\"SiteNavigationElement\",\"name\":\"Tiefenentspannt bis in die Zehenspitzen: Funktionale Polsterm\u00f6bel\",\"url\":\"https:\\\/\\\/www.troesser.de\\\/blog\\\/funktionale-polstermoebel-die-funktion-im-fokus\\\/#tiefenentspannt-bis-in-die-zehenspitzen-funktionale-polstermoebel\",\"position\":5},{\"@type\":\"SiteNavigationElement\",\"name\":\"zu guter Letzt: Die Geschichte der Kopfst\u00fctze\",\"url\":\"https:\\\/\\\/www.troesser.de\\\/blog\\\/funktionale-polstermoebel-die-funktion-im-fokus\\\/#zu-guter-letzt-die-geschichte-der-kopfstuetze\",\"position\":6}]}]},{\"@type\":\"WebPage\",\"@id\":\"https:\\\/\\\/www.troesser.de\\\/blog\\\/funktionale-polstermoebel-die-funktion-im-fokus\\\/\",\"url\":\"https:\\\/\\\/www.troesser.de\\\/blog\\\/funktionale-polstermoebel-die-funktion-im-fokus\\\/\",\"name\":\"Funktionale Polsterm\u00f6bel - die Funktion im Fokus\",\"isPartOf\":{\"@id\":\"https:\\\/\\\/www.troesser.de\\\/blog\\\/#website\"},\"primaryImageOfPage\":{\"@id\":\"https:\\\/\\\/www.troesser.de\\\/blog\\\/funktionale-polstermoebel-die-funktion-im-fokus\\\/#primaryimage\"},\"image\":{\"@id\":\"https:\\\/\\\/www.troesser.de\\\/blog\\\/funktionale-polstermoebel-die-funktion-im-fokus\\\/#primaryimage\"},\"thumbnailUrl\":\"https:\\\/\\\/www.troesser.de\\\/blog\\\/wp-content\\\/uploads\\\/sites\\\/2\\\/2025\\\/06\\\/Funktionale-Polstermoebel-Moebel-mit-funktion.jpg\",\"datePublished\":\"2025-06-18T13:29:47+00:00\",\"dateModified\":\"2025-07-17T13:40:39+00:00\",\"description\":\"Mehr als nur bequem: Funktionale Polsterm\u00f6bel mit Schlaffunktion, Stauraum & Relaxfunktionen - ideal f\u00fcr stilvolles und praktisches Wohnen.\",\"breadcrumb\":{\"@id\":\"https:\\\/\\\/www.troesser.de\\\/blog\\\/funktionale-polstermoebel-die-funktion-im-fokus\\\/#breadcrumb\"},\"inLanguage\":\"de\",\"potentialAction\":[{\"@type\":\"ReadAction\",\"target\":[\"https:\\\/\\\/www.troesser.de\\\/blog\\\/funktionale-polstermoebel-die-funktion-im-fokus\\\/\"]}]},{\"@type\":\"ImageObject\",\"inLanguage\":\"de\",\"@id\":\"https:\\\/\\\/www.troesser.de\\\/blog\\\/funktionale-polstermoebel-die-funktion-im-fokus\\\/#primaryimage\",\"url\":\"https:\\\/\\\/www.troesser.de\\\/blog\\\/wp-content\\\/uploads\\\/sites\\\/2\\\/2025\\\/06\\\/Funktionale-Polstermoebel-Moebel-mit-funktion.jpg\",\"contentUrl\":\"https:\\\/\\\/www.troesser.de\\\/blog\\\/wp-content\\\/uploads\\\/sites\\\/2\\\/2025\\\/06\\\/Funktionale-Polstermoebel-Moebel-mit-funktion.jpg\",\"width\":1920,\"height\":1080,\"caption\":\"Funktionale Polsterm\u00f6bel - M\u00f6bel mit Funktion\"},{\"@type\":\"BreadcrumbList\",\"@id\":\"https:\\\/\\\/www.troesser.de\\\/blog\\\/funktionale-polstermoebel-die-funktion-im-fokus\\\/#breadcrumb\",\"itemListElement\":[{\"@type\":\"ListItem\",\"position\":1,\"name\":\"Startseite\",\"item\":\"https:\\\/\\\/www.troesser.de\\\/blog\\\/\"},{\"@type\":\"ListItem\",\"position\":2,\"name\":\"Tipps &amp; Ratgeber\",\"item\":\"https:\\\/\\\/www.troesser.de\\\/blog\\\/kategorie\\\/tipps-ratgeber\\\/\"},{\"@type\":\"ListItem\",\"position\":3,\"name\":\"Funktionale Polsterm\u00f6bel &#8211; die Funktion im Fokus\"}]},{\"@type\":\"WebSite\",\"@id\":\"https:\\\/\\\/www.troesser.de\\\/blog\\\/#website\",\"url\":\"https:\\\/\\\/www.troesser.de\\\/blog\\\/\",\"name\":\"TR\u00d6SSER \u22c6 der Polsterm\u00f6belspezialist\",\"description\":\"Hier entstehen Wohnideen\",\"publisher\":{\"@id\":\"https:\\\/\\\/www.troesser.de\\\/blog\\\/#organization\"},\"potentialAction\":[{\"@type\":\"SearchAction\",\"target\":{\"@type\":\"EntryPoint\",\"urlTemplate\":\"https:\\\/\\\/www.troesser.de\\\/blog\\\/?s={search_term_string}\"},\"query-input\":{\"@type\":\"PropertyValueSpecification\",\"valueRequired\":true,\"valueName\":\"search_term_string\"}}],\"inLanguage\":\"de\"},{\"@type\":\"Organization\",\"@id\":\"https:\\\/\\\/www.troesser.de\\\/blog\\\/#organization\",\"name\":\"Uni-Polster Verwaltung GmbH & Tr\u00f6sser Co. KG\",\"alternateName\":\"TR\u00d6SSER \u22c6 der Polsterm\u00f6belspezialist\",\"url\":\"https:\\\/\\\/www.troesser.de\\\/blog\\\/\",\"logo\":{\"@type\":\"ImageObject\",\"inLanguage\":\"de\",\"@id\":\"https:\\\/\\\/www.troesser.de\\\/blog\\\/#\\\/schema\\\/logo\\\/image\\\/\",\"url\":\"https:\\\/\\\/www.troesser.de\\\/blog\\\/wp-content\\\/uploads\\\/sites\\\/2\\\/2025\\\/05\\\/troesser-logo.png\",\"contentUrl\":\"https:\\\/\\\/www.troesser.de\\\/blog\\\/wp-content\\\/uploads\\\/sites\\\/2\\\/2025\\\/05\\\/troesser-logo.png\",\"width\":612,\"height\":425,\"caption\":\"Uni-Polster Verwaltung GmbH & Tr\u00f6sser Co. KG\"},\"image\":{\"@id\":\"https:\\\/\\\/www.troesser.de\\\/blog\\\/#\\\/schema\\\/logo\\\/image\\\/\"},\"sameAs\":[\"https:\\\/\\\/www.facebook.com\\\/Polstertroesser\",\"https:\\\/\\\/www.instagram.com\\\/troesser_polsterspezialist\\\/\"]},{\"@type\":\"Person\",\"@id\":\"https:\\\/\\\/www.troesser.de\\\/blog\\\/#\\\/schema\\\/person\\\/f08a92e83e506378bf52804a75d8880a\",\"name\":\"Troesser Polsterm\u00f6bel\",\"image\":{\"@type\":\"ImageObject\",\"inLanguage\":\"de\",\"@id\":\"https:\\\/\\\/secure.gravatar.com\\\/avatar\\\/4227729f29762c8b158555a4180f8de8b0167aa987bbaa365d6d936d582c4284?s=96&d=https%3A%2F%2Fwww.troesser.de%2Fblog%2Fwp-content%2Fuploads%2Fsites%2F2%2F2025%2F05%2Fcropped-troesser-logo-150x150.png&r=gbf055b0fb1259abb693b673df26f6b74\",\"url\":\"https:\\\/\\\/secure.gravatar.com\\\/avatar\\\/4227729f29762c8b158555a4180f8de8b0167aa987bbaa365d6d936d582c4284?s=96&d=https%3A%2F%2Fwww.troesser.de%2Fblog%2Fwp-content%2Fuploads%2Fsites%2F2%2F2025%2F05%2Fcropped-troesser-logo-150x150.png&r=g\",\"contentUrl\":\"https:\\\/\\\/secure.gravatar.com\\\/avatar\\\/4227729f29762c8b158555a4180f8de8b0167aa987bbaa365d6d936d582c4284?s=96&d=https%3A%2F%2Fwww.troesser.de%2Fblog%2Fwp-content%2Fuploads%2Fsites%2F2%2F2025%2F05%2Fcropped-troesser-logo-150x150.png&r=g\",\"caption\":\"Troesser Polsterm\u00f6bel\"},\"url\":\"https:\\\/\\\/www.troesser.de\\\/blog\\\/author\\\/troesser\\\/\"}]}<\/script>\n<!-- \/ Yoast SEO plugin. -->","yoast_head_json":{"title":"Funktionale Polsterm\u00f6bel - die Funktion im Fokus","description":"Mehr als nur bequem: Funktionale Polsterm\u00f6bel mit Schlaffunktion, Stauraum & Relaxfunktionen - ideal f\u00fcr stilvolles und praktisches Wohnen.","robots":{"index":"index","follow":"follow","max-snippet":"max-snippet:-1","max-image-preview":"max-image-preview:large","max-video-preview":"max-video-preview:-1"},"canonical":"https:\/\/www.troesser.de\/blog\/funktionale-polstermoebel-die-funktion-im-fokus\/","og_locale":"de_DE","og_type":"article","og_title":"Funktionale Polsterm\u00f6bel - die Funktion im Fokus","og_description":"Mehr als nur bequem: Funktionale Polsterm\u00f6bel mit Schlaffunktion, Stauraum & Relaxfunktionen - ideal f\u00fcr stilvolles und praktisches Wohnen.","og_url":"https:\/\/www.troesser.de\/blog\/funktionale-polstermoebel-die-funktion-im-fokus\/","og_site_name":"Tr\u00f6sser Polsterm\u00f6bel Blog","article_publisher":"https:\/\/www.facebook.com\/Polstertroesser","article_published_time":"2025-06-18T13:29:47+00:00","article_modified_time":"2025-07-17T13:40:39+00:00","og_image":[{"width":1920,"height":1080,"url":"https:\/\/www.troesser.de\/blog\/wp-content\/uploads\/sites\/2\/2025\/06\/Funktionale-Polstermoebel-Moebel-mit-funktion.jpg","type":"image\/jpeg"}],"author":"Troesser Polsterm\u00f6bel","twitter_card":"summary_large_image","twitter_misc":{"Verfasst von":"Troesser Polsterm\u00f6bel","Gesch\u00e4tzte Lesezeit":"6\u00a0Minuten","Written by":"Troesser Polsterm\u00f6bel"},"schema":{"@context":"https:\/\/schema.org","@graph":[{"@type":"Article","@id":"https:\/\/www.troesser.de\/blog\/funktionale-polstermoebel-die-funktion-im-fokus\/#article","isPartOf":{"@id":"https:\/\/www.troesser.de\/blog\/funktionale-polstermoebel-die-funktion-im-fokus\/"},"author":{"name":"Troesser Polsterm\u00f6bel","@id":"https:\/\/www.troesser.de\/blog\/#\/schema\/person\/f08a92e83e506378bf52804a75d8880a"},"headline":"Funktionale Polsterm\u00f6bel &#8211; die Funktion im Fokus","datePublished":"2025-06-18T13:29:47+00:00","dateModified":"2025-07-17T13:40:39+00:00","mainEntityOfPage":{"@id":"https:\/\/www.troesser.de\/blog\/funktionale-polstermoebel-die-funktion-im-fokus\/"},"wordCount":782,"commentCount":0,"publisher":{"@id":"https:\/\/www.troesser.de\/blog\/#organization"},"image":{"@id":"https:\/\/www.troesser.de\/blog\/funktionale-polstermoebel-die-funktion-im-fokus\/#primaryimage"},"thumbnailUrl":"https:\/\/www.troesser.de\/blog\/wp-content\/uploads\/sites\/2\/2025\/06\/Funktionale-Polstermoebel-Moebel-mit-funktion.jpg","keywords":["Aufstehhilfe","herz waage funktion","kopfst\u00fctzfunktion","motorische funktion","polsterm\u00f6bel funktion","relaxfunktion"],"articleSection":["Tipps &amp; Ratgeber"],"inLanguage":"de","potentialAction":[{"@type":"CommentAction","name":"Comment","target":["https:\/\/www.troesser.de\/blog\/funktionale-polstermoebel-die-funktion-im-fokus\/#respond"]}],"hasPart":[{"@type":"SiteNavigationElement","name":"Table of Contents","url":"https:\/\/www.troesser.de\/blog\/funktionale-polstermoebel-die-funktion-im-fokus\/#ez-toc","position":1,"hasPart":[{"@type":"SiteNavigationElement","name":"Pure Flexibilit\u00e4t bei Funktionalen M\u00f6beln","url":"https:\/\/www.troesser.de\/blog\/funktionale-polstermoebel-die-funktion-im-fokus\/#pure-flexibilitaet-bei-funktionalen-moebeln","position":2},{"@type":"SiteNavigationElement","name":"Funktionale Polsterm\u00f6bel: Komfortabel entspannen und Relaxen","url":"https:\/\/www.troesser.de\/blog\/funktionale-polstermoebel-die-funktion-im-fokus\/#funktionale-polstermoebel-komfortabel-entspannen-und-relaxen","position":3},{"@type":"SiteNavigationElement","name":"Aufstehen leicht gemacht: die Aufstehhilfe","url":"https:\/\/www.troesser.de\/blog\/funktionale-polstermoebel-die-funktion-im-fokus\/#aufstehen-leicht-gemacht-die-aufstehhilfe","position":4},{"@type":"SiteNavigationElement","name":"Tiefenentspannt bis in die Zehenspitzen: Funktionale Polsterm\u00f6bel","url":"https:\/\/www.troesser.de\/blog\/funktionale-polstermoebel-die-funktion-im-fokus\/#tiefenentspannt-bis-in-die-zehenspitzen-funktionale-polstermoebel","position":5},{"@type":"SiteNavigationElement","name":"zu guter Letzt: Die Geschichte der Kopfst\u00fctze","url":"https:\/\/www.troesser.de\/blog\/funktionale-polstermoebel-die-funktion-im-fokus\/#zu-guter-letzt-die-geschichte-der-kopfstuetze","position":6}]}]},{"@type":"WebPage","@id":"https:\/\/www.troesser.de\/blog\/funktionale-polstermoebel-die-funktion-im-fokus\/","url":"https:\/\/www.troesser.de\/blog\/funktionale-polstermoebel-die-funktion-im-fokus\/","name":"Funktionale Polsterm\u00f6bel - die Funktion im Fokus","isPartOf":{"@id":"https:\/\/www.troesser.de\/blog\/#website"},"primaryImageOfPage":{"@id":"https:\/\/www.troesser.de\/blog\/funktionale-polstermoebel-die-funktion-im-fokus\/#primaryimage"},"image":{"@id":"https:\/\/www.troesser.de\/blog\/funktionale-polstermoebel-die-funktion-im-fokus\/#primaryimage"},"thumbnailUrl":"https:\/\/www.troesser.de\/blog\/wp-content\/uploads\/sites\/2\/2025\/06\/Funktionale-Polstermoebel-Moebel-mit-funktion.jpg","datePublished":"2025-06-18T13:29:47+00:00","dateModified":"2025-07-17T13:40:39+00:00","description":"Mehr als nur bequem: Funktionale Polsterm\u00f6bel mit Schlaffunktion, Stauraum & Relaxfunktionen - ideal f\u00fcr stilvolles und praktisches Wohnen.","breadcrumb":{"@id":"https:\/\/www.troesser.de\/blog\/funktionale-polstermoebel-die-funktion-im-fokus\/#breadcrumb"},"inLanguage":"de","potentialAction":[{"@type":"ReadAction","target":["https:\/\/www.troesser.de\/blog\/funktionale-polstermoebel-die-funktion-im-fokus\/"]}]},{"@type":"ImageObject","inLanguage":"de","@id":"https:\/\/www.troesser.de\/blog\/funktionale-polstermoebel-die-funktion-im-fokus\/#primaryimage","url":"https:\/\/www.troesser.de\/blog\/wp-content\/uploads\/sites\/2\/2025\/06\/Funktionale-Polstermoebel-Moebel-mit-funktion.jpg","contentUrl":"https:\/\/www.troesser.de\/blog\/wp-content\/uploads\/sites\/2\/2025\/06\/Funktionale-Polstermoebel-Moebel-mit-funktion.jpg","width":1920,"height":1080,"caption":"Funktionale Polsterm\u00f6bel - M\u00f6bel mit Funktion"},{"@type":"BreadcrumbList","@id":"https:\/\/www.troesser.de\/blog\/funktionale-polstermoebel-die-funktion-im-fokus\/#breadcrumb","itemListElement":[{"@type":"ListItem","position":1,"name":"Startseite","item":"https:\/\/www.troesser.de\/blog\/"},{"@type":"ListItem","position":2,"name":"Tipps &amp; Ratgeber","item":"https:\/\/www.troesser.de\/blog\/kategorie\/tipps-ratgeber\/"},{"@type":"ListItem","position":3,"name":"Funktionale Polsterm\u00f6bel &#8211; die Funktion im Fokus"}]},{"@type":"WebSite","@id":"https:\/\/www.troesser.de\/blog\/#website","url":"https:\/\/www.troesser.de\/blog\/","name":"TR\u00d6SSER \u22c6 der Polsterm\u00f6belspezialist","description":"Hier entstehen Wohnideen","publisher":{"@id":"https:\/\/www.troesser.de\/blog\/#organization"},"potentialAction":[{"@type":"SearchAction","target":{"@type":"EntryPoint","urlTemplate":"https:\/\/www.troesser.de\/blog\/?s={search_term_string}"},"query-input":{"@type":"PropertyValueSpecification","valueRequired":true,"valueName":"search_term_string"}}],"inLanguage":"de"},{"@type":"Organization","@id":"https:\/\/www.troesser.de\/blog\/#organization","name":"Uni-Polster Verwaltung GmbH & Tr\u00f6sser Co. KG","alternateName":"TR\u00d6SSER \u22c6 der Polsterm\u00f6belspezialist","url":"https:\/\/www.troesser.de\/blog\/","logo":{"@type":"ImageObject","inLanguage":"de","@id":"https:\/\/www.troesser.de\/blog\/#\/schema\/logo\/image\/","url":"https:\/\/www.troesser.de\/blog\/wp-content\/uploads\/sites\/2\/2025\/05\/troesser-logo.png","contentUrl":"https:\/\/www.troesser.de\/blog\/wp-content\/uploads\/sites\/2\/2025\/05\/troesser-logo.png","width":612,"height":425,"caption":"Uni-Polster Verwaltung GmbH & Tr\u00f6sser Co. KG"},"image":{"@id":"https:\/\/www.troesser.de\/blog\/#\/schema\/logo\/image\/"},"sameAs":["https:\/\/www.facebook.com\/Polstertroesser","https:\/\/www.instagram.com\/troesser_polsterspezialist\/"]},{"@type":"Person","@id":"https:\/\/www.troesser.de\/blog\/#\/schema\/person\/f08a92e83e506378bf52804a75d8880a","name":"Troesser Polsterm\u00f6bel","image":{"@type":"ImageObject","inLanguage":"de","@id":"https:\/\/secure.gravatar.com\/avatar\/4227729f29762c8b158555a4180f8de8b0167aa987bbaa365d6d936d582c4284?s=96&d=https%3A%2F%2Fwww.troesser.de%2Fblog%2Fwp-content%2Fuploads%2Fsites%2F2%2F2025%2F05%2Fcropped-troesser-logo-150x150.png&r=gbf055b0fb1259abb693b673df26f6b74","url":"https:\/\/secure.gravatar.com\/avatar\/4227729f29762c8b158555a4180f8de8b0167aa987bbaa365d6d936d582c4284?s=96&d=https%3A%2F%2Fwww.troesser.de%2Fblog%2Fwp-content%2Fuploads%2Fsites%2F2%2F2025%2F05%2Fcropped-troesser-logo-150x150.png&r=g","contentUrl":"https:\/\/secure.gravatar.com\/avatar\/4227729f29762c8b158555a4180f8de8b0167aa987bbaa365d6d936d582c4284?s=96&d=https%3A%2F%2Fwww.troesser.de%2Fblog%2Fwp-content%2Fuploads%2Fsites%2F2%2F2025%2F05%2Fcropped-troesser-logo-150x150.png&r=g","caption":"Troesser Polsterm\u00f6bel"},"url":"https:\/\/www.troesser.de\/blog\/author\/troesser\/"}]}},"_links":{"self":[{"href":"https:\/\/www.troesser.de\/blog\/wp-json\/wp\/v2\/posts\/30036","targetHints":{"allow":["GET"]}}],"collection":[{"href":"https:\/\/www.troesser.de\/blog\/wp-json\/wp\/v2\/posts"}],"about":[{"href":"https:\/\/www.troesser.de\/blog\/wp-json\/wp\/v2\/types\/post"}],"author":[{"embeddable":true,"href":"https:\/\/www.troesser.de\/blog\/wp-json\/wp\/v2\/users\/7"}],"replies":[{"embeddable":true,"href":"https:\/\/www.troesser.de\/blog\/wp-json\/wp\/v2\/comments?post=30036"}],"version-history":[{"count":15,"href":"https:\/\/www.troesser.de\/blog\/wp-json\/wp\/v2\/posts\/30036\/revisions"}],"predecessor-version":[{"id":30900,"href":"https:\/\/www.troesser.de\/blog\/wp-json\/wp\/v2\/posts\/30036\/revisions\/30900"}],"wp:featuredmedia":[{"embeddable":true,"href":"https:\/\/www.troesser.de\/blog\/wp-json\/wp\/v2\/media\/30044"}],"wp:attachment":[{"href":"https:\/\/www.troesser.de\/blog\/wp-json\/wp\/v2\/media?parent=30036"}],"wp:term":[{"taxonomy":"category","embeddable":true,"href":"https:\/\/www.troesser.de\/blog\/wp-json\/wp\/v2\/categories?post=30036"},{"taxonomy":"post_tag","embeddable":true,"href":"https:\/\/www.troesser.de\/blog\/wp-json\/wp\/v2\/tags?post=30036"},{"taxonomy":"author","embeddable":true,"href":"https:\/\/www.troesser.de\/blog\/wp-json\/wp\/v2\/coauthors?post=30036"}],"curies":[{"name":"wp","href":"https:\/\/api.w.org\/{rel}","templated":true}]}}