{"id":30002,"date":"2025-07-21T10:05:17","date_gmt":"2025-07-21T08:05:17","guid":{"rendered":"https:\/\/www.uni-polster.de\/blog\/?p=30002"},"modified":"2025-08-11T12:04:54","modified_gmt":"2025-08-11T10:04:54","slug":"sofas-im-bubble-look-sind-echte-hingucker","status":"publish","type":"post","link":"https:\/\/www.troesser.de\/blog\/sofas-im-bubble-look-sind-echte-hingucker\/","title":{"rendered":"Sofas im Bubble Look &#8211; ein echter Hingucker\u00a0"},"content":{"rendered":"\t\t<div data-elementor-type=\"wp-post\" data-elementor-id=\"30002\" class=\"elementor elementor-30002\">\n\t\t\t\t\t\t<section class=\"elementor-section elementor-top-section elementor-element elementor-element-32c1874 elementor-section-boxed elementor-section-height-default elementor-section-height-default\" data-id=\"32c1874\" data-element_type=\"section\" data-e-type=\"section\">\n\t\t\t\t\t\t<div class=\"elementor-container elementor-column-gap-default\">\n\t\t\t\t\t<div class=\"elementor-column elementor-col-100 elementor-top-column elementor-element elementor-element-faed38e\" data-id=\"faed38e\" data-element_type=\"column\" data-e-type=\"column\">\n\t\t\t<div class=\"elementor-widget-wrap elementor-element-populated\">\n\t\t\t\t\t\t<div class=\"elementor-element elementor-element-ab3d4a3 elementor-widget elementor-widget-text-editor\" data-id=\"ab3d4a3\" data-element_type=\"widget\" data-e-type=\"widget\" data-widget_type=\"text-editor.default\">\n\t\t\t\t<div class=\"elementor-widget-container\">\n\t\t\t\t\t\t\t\t\t<p><strong>Sofas im Bubble-Look<\/strong> sind <strong>2025 voll im Trend<\/strong>: Mit ihren runden, weichen Formen und einem verspielten Retro\u2011Charme bringen sie Gem\u00fctlichkeit und Stil gleicherma\u00dfen ins Wohnzimmer.<\/p><p>Ob in Pastellfarben, kr\u00e4ftigem Gelb oder klassischem Grau &#8211; der Bubble\u2011Look passt zu angesagten Interieur\u2011Stilen wie Scandi, Boho oder Modern. Diese Sofas setzen nicht nur ein Design\u2011Statement, sie laden auch zum Entspannen und Wohlf\u00fchlen ein &#8211; perfekt f\u00fcr alle, die ihr Zuhause einzigartig und wohnlich gestalten m\u00f6chten.<\/p>\t\t\t\t\t\t\t\t<\/div>\n\t\t\t\t<\/div>\n\t\t\t\t<div class=\"elementor-element elementor-element-d929329 elementor-widget elementor-widget-heading\" data-id=\"d929329\" data-element_type=\"widget\" data-e-type=\"widget\" data-widget_type=\"heading.default\">\n\t\t\t\t<div class=\"elementor-widget-container\">\n\t\t\t\t\t<h2 class=\"elementor-heading-title elementor-size-default\"><span class=\"ez-toc-section\" id=\"Sofa_im_Bubble_Look_-_ein_echter_Hingucker\"><\/span>Sofa im Bubble Look - ein echter Hingucker\t<span class=\"ez-toc-section-end\"><\/span><\/h2>\t\t\t\t<\/div>\n\t\t\t\t<\/div>\n\t\t\t\t<div class=\"elementor-element elementor-element-c25c863 elementor-widget elementor-widget-image\" data-id=\"c25c863\" data-element_type=\"widget\" data-e-type=\"widget\" data-widget_type=\"image.default\">\n\t\t\t\t<div class=\"elementor-widget-container\">\n\t\t\t\t\t\t\t\t\t\t\t\t<figure class=\"wp-caption\">\n\t\t\t\t\t\t\t\t\t\t\t<a href=\"https:\/\/www.troesser.de\/blog\/wp-content\/uploads\/sites\/2\/2025\/06\/candy-bubble-ecksofa-graceland-in-trendstoff-cord-0533graceland00ww-10.jpg\" data-elementor-open-lightbox=\"yes\" data-elementor-lightbox-title=\"Sofas im Bubble Look\" data-e-action-hash=\"#elementor-action%3Aaction%3Dlightbox%26settings%3DeyJpZCI6MzAwMTIsInVybCI6Imh0dHBzOlwvXC93d3cudHJvZXNzZXIuZGVcL2Jsb2dcL3dwLWNvbnRlbnRcL3VwbG9hZHNcL3NpdGVzXC8yXC8yMDI1XC8wNlwvY2FuZHktYnViYmxlLWVja3NvZmEtZ3JhY2VsYW5kLWluLXRyZW5kc3RvZmYtY29yZC0wNTMzZ3JhY2VsYW5kMDB3dy0xMC5qcGcifQ%3D%3D\">\n\t\t\t\t\t\t\t<img fetchpriority=\"high\" decoding=\"async\" width=\"768\" height=\"512\" src=\"\" class=\"attachment-jkd-wide-size-medium size-jkd-wide-size-medium wp-image-30012 lqip\" alt=\"Sofas im Bubble Look\" srcset=\"\" sizes=\"(max-width: 768px) 100vw, 768px\" data-lqip=\"https:\/\/www.troesser.de\/blog\/wp-content\/uploads\/sites\/2\/2025\/06\/candy-bubble-ecksofa-graceland-in-trendstoff-cord-0533graceland00ww-10-153x102.jpg\" data-src=\"https:\/\/www.troesser.de\/blog\/wp-content\/uploads\/sites\/2\/2025\/06\/candy-bubble-ecksofa-graceland-in-trendstoff-cord-0533graceland00ww-10-768x512.jpg\" data-srcset=\"https:\/\/www.troesser.de\/blog\/wp-content\/uploads\/sites\/2\/2025\/06\/candy-bubble-ecksofa-graceland-in-trendstoff-cord-0533graceland00ww-10-768x512.jpg 768w, https:\/\/www.troesser.de\/blog\/wp-content\/uploads\/sites\/2\/2025\/06\/candy-bubble-ecksofa-graceland-in-trendstoff-cord-0533graceland00ww-10-300x200.jpg 300w, https:\/\/www.troesser.de\/blog\/wp-content\/uploads\/sites\/2\/2025\/06\/candy-bubble-ecksofa-graceland-in-trendstoff-cord-0533graceland00ww-10-540x360.jpg 540w, https:\/\/www.troesser.de\/blog\/wp-content\/uploads\/sites\/2\/2025\/06\/candy-bubble-ecksofa-graceland-in-trendstoff-cord-0533graceland00ww-10-1024x683.jpg 1024w, https:\/\/www.troesser.de\/blog\/wp-content\/uploads\/sites\/2\/2025\/06\/candy-bubble-ecksofa-graceland-in-trendstoff-cord-0533graceland00ww-10-1440x960.jpg 1440w, https:\/\/www.troesser.de\/blog\/wp-content\/uploads\/sites\/2\/2025\/06\/candy-bubble-ecksofa-graceland-in-trendstoff-cord-0533graceland00ww-10-64x43.jpg 64w, https:\/\/www.troesser.de\/blog\/wp-content\/uploads\/sites\/2\/2025\/06\/candy-bubble-ecksofa-graceland-in-trendstoff-cord-0533graceland00ww-10-108x72.jpg 108w, https:\/\/www.troesser.de\/blog\/wp-content\/uploads\/sites\/2\/2025\/06\/candy-bubble-ecksofa-graceland-in-trendstoff-cord-0533graceland00ww-10-153x102.jpg 153w, https:\/\/www.troesser.de\/blog\/wp-content\/uploads\/sites\/2\/2025\/06\/candy-bubble-ecksofa-graceland-in-trendstoff-cord-0533graceland00ww-10-204x136.jpg 204w, https:\/\/www.troesser.de\/blog\/wp-content\/uploads\/sites\/2\/2025\/06\/candy-bubble-ecksofa-graceland-in-trendstoff-cord-0533graceland00ww-10-288x192.jpg 288w, https:\/\/www.troesser.de\/blog\/wp-content\/uploads\/sites\/2\/2025\/06\/candy-bubble-ecksofa-graceland-in-trendstoff-cord-0533graceland00ww-10-384x256.jpg 384w\" \/>\t\t\t\t\t\t\t\t<\/a>\n\t\t\t\t\t\t\t\t\t\t\t<figcaption class=\"widget-image-caption wp-caption-text\">Candy Ecksofa Graceland in Trendstoff Cord<\/figcaption>\n\t\t\t\t\t\t\t\t\t\t<\/figure>\n\t\t\t\t\t\t\t\t\t<\/div>\n\t\t\t\t<\/div>\n\t\t\t\t<div class=\"elementor-element elementor-element-37570ab elementor-align-center elementor-widget elementor-widget-button\" data-id=\"37570ab\" data-element_type=\"widget\" data-e-type=\"widget\" data-widget_type=\"button.default\">\n\t\t\t\t<div class=\"elementor-widget-container\">\n\t\t\t\t\t\t\t\t\t<div class=\"elementor-button-wrapper\">\n\t\t\t\t\t<a class=\"elementor-button elementor-button-link elementor-size-sm\" href=\"https:\/\/www.troesser.de\/candy-ecksofa-graceland-in-trendstoff-cord-weiss-rechts\" target=\"_blank\">\n\t\t\t\t\t\t<span class=\"elementor-button-content-wrapper\">\n\t\t\t\t\t\t<span class=\"elementor-button-icon\">\n\t\t\t\t<svg aria-hidden=\"true\" class=\"e-font-icon-svg e-fas-shopping-cart\" viewBox=\"0 0 576 512\" xmlns=\"http:\/\/www.w3.org\/2000\/svg\"><path d=\"M528.12 301.319l47.273-208C578.806 78.301 567.391 64 551.99 64H159.208l-9.166-44.81C147.758 8.021 137.93 0 126.529 0H24C10.745 0 0 10.745 0 24v16c0 13.255 10.745 24 24 24h69.883l70.248 343.435C147.325 417.1 136 435.222 136 456c0 30.928 25.072 56 56 56s56-25.072 56-56c0-15.674-6.447-29.835-16.824-40h209.647C430.447 426.165 424 440.326 424 456c0 30.928 25.072 56 56 56s56-25.072 56-56c0-22.172-12.888-41.332-31.579-50.405l5.517-24.276c3.413-15.018-8.002-29.319-23.403-29.319H218.117l-6.545-32h293.145c11.206 0 20.92-7.754 23.403-18.681z\"><\/path><\/svg>\t\t\t<\/span>\n\t\t\t\t\t\t\t\t\t<span class=\"elementor-button-text\">im Onlineshop ansehen<\/span>\n\t\t\t\t\t<\/span>\n\t\t\t\t\t<\/a>\n\t\t\t\t<\/div>\n\t\t\t\t\t\t\t\t<\/div>\n\t\t\t\t<\/div>\n\t\t\t\t<div class=\"elementor-element elementor-element-382f6e6 elementor-widget elementor-widget-heading\" data-id=\"382f6e6\" data-element_type=\"widget\" data-e-type=\"widget\" data-widget_type=\"heading.default\">\n\t\t\t\t<div class=\"elementor-widget-container\">\n\t\t\t\t\t<h2 class=\"elementor-heading-title elementor-size-default\"><span class=\"ez-toc-section\" id=\"Runde_Sache_warum_Bubble_Sofas_unser_Zuhause_weicher_machen\"><\/span>Runde Sache: warum Bubble Sofas unser Zuhause weicher machen<span class=\"ez-toc-section-end\"><\/span><\/h2>\t\t\t\t<\/div>\n\t\t\t\t<\/div>\n\t\t\t\t<div class=\"elementor-element elementor-element-0d700f8 elementor-widget elementor-widget-text-editor\" data-id=\"0d700f8\" data-element_type=\"widget\" data-e-type=\"widget\" data-widget_type=\"text-editor.default\">\n\t\t\t\t<div class=\"elementor-widget-container\">\n\t\t\t\t\t\t\t\t\t<p>Die neue Sofa-Generation: <strong>Sofas im Bubble Look<\/strong> &#8211; bringt frischen Wind ins Wohnzimmer &#8211; und der ist alles andere als eckig. Statt klarer Kanten und strenger Linien ziehen jetzt weiche Kurven, flie\u00dfende Formen und volumin\u00f6se Silhouetten ein. Organische Sofas, oft liebevoll \u201e<strong>Bubble Sofas<\/strong>\u201c genannt, sind mehr als nur M\u00f6bel &#8211; sie sind Statements mit Kuschelfaktor.<\/p><p>Diese neuen Formen wirken einladend, fast wie Skulpturen zum Sitzen. Runde Armlehnen, gepolsterte Rundungen und gro\u00dfz\u00fcgige Proportionen verleihen ihnen eine fast wolkenartige Leichtigkeit &#8211; und trotzdem strahlen sie Stabilit\u00e4t und Geborgenheit aus. Wer sich hineinsetzt, will nicht so schnell wieder aufstehen.<\/p>\t\t\t\t\t\t\t\t<\/div>\n\t\t\t\t<\/div>\n\t\t\t\t<div class=\"elementor-element elementor-element-2f5f325 elementor-widget elementor-widget-heading\" data-id=\"2f5f325\" data-element_type=\"widget\" data-e-type=\"widget\" data-widget_type=\"heading.default\">\n\t\t\t\t<div class=\"elementor-widget-container\">\n\t\t\t\t\t<h2 class=\"elementor-heading-title elementor-size-default\"><span class=\"ez-toc-section\" id=\"Wohnen_wird_weicher_und_emotionaler\"><\/span>Wohnen wird weicher: und emotionaler<span class=\"ez-toc-section-end\"><\/span><\/h2>\t\t\t\t<\/div>\n\t\t\t\t<\/div>\n\t\t\t\t<div class=\"elementor-element elementor-element-addddc5 elementor-widget elementor-widget-text-editor\" data-id=\"addddc5\" data-element_type=\"widget\" data-e-type=\"widget\" data-widget_type=\"text-editor.default\">\n\t\t\t\t<div class=\"elementor-widget-container\">\n\t\t\t\t\t\t\t\t\t<p>In einer Zeit, in der vieles digital und schnell ist, w\u00fcnschen wir uns zu Hause das Gegenteil: Weiche Materialien, runde Linien und ein Gef\u00fchl von Sicherheit. Organisch geformte (Bubble) Sofas bringen genau das &#8211; sie \u201eumarmen\u201c uns f\u00f6rmlich und schaffen einen Ort, an dem man sich zur\u00fccklehnen kann, ganz ohne Ecken und Kanten.<\/p>\t\t\t\t\t\t\t\t<\/div>\n\t\t\t\t<\/div>\n\t\t\t\t<div class=\"elementor-element elementor-element-5ba3734 elementor-widget elementor-widget-image\" data-id=\"5ba3734\" data-element_type=\"widget\" data-e-type=\"widget\" data-widget_type=\"image.default\">\n\t\t\t\t<div class=\"elementor-widget-container\">\n\t\t\t\t\t\t\t\t\t\t\t\t<figure class=\"wp-caption\">\n\t\t\t\t\t\t\t\t\t\t\t<a href=\"https:\/\/www.troesser.de\/blog\/wp-content\/uploads\/sites\/2\/2025\/06\/campo-de-fiori-marcello-designer-sofa-05960111-ww-5.jpg\" data-elementor-open-lightbox=\"yes\" data-elementor-lightbox-title=\"CAMPO DE\u00b4FIORI Marcello Designer Sofa\" data-e-action-hash=\"#elementor-action%3Aaction%3Dlightbox%26settings%3DeyJpZCI6MzA0NjYsInVybCI6Imh0dHBzOlwvXC93d3cudHJvZXNzZXIuZGVcL2Jsb2dcL3dwLWNvbnRlbnRcL3VwbG9hZHNcL3NpdGVzXC8yXC8yMDI1XC8wNlwvY2FtcG8tZGUtZmlvcmktbWFyY2VsbG8tZGVzaWduZXItc29mYS0wNTk2MDExMS13dy01LmpwZyJ9\">\n\t\t\t\t\t\t\t<img decoding=\"async\" width=\"768\" height=\"512\" src=\"\" class=\"attachment-jkd-wide-size-medium size-jkd-wide-size-medium wp-image-30466 lqip\" alt=\"CAMPO DE\u00b4FIORI Marcello Designer Sofa\" srcset=\"\" sizes=\"(max-width: 768px) 100vw, 768px\" data-lqip=\"https:\/\/www.troesser.de\/blog\/wp-content\/uploads\/sites\/2\/2025\/06\/campo-de-fiori-marcello-designer-sofa-05960111-ww-5-153x102.jpg\" data-src=\"https:\/\/www.troesser.de\/blog\/wp-content\/uploads\/sites\/2\/2025\/06\/campo-de-fiori-marcello-designer-sofa-05960111-ww-5-768x512.jpg\" data-srcset=\"https:\/\/www.troesser.de\/blog\/wp-content\/uploads\/sites\/2\/2025\/06\/campo-de-fiori-marcello-designer-sofa-05960111-ww-5-768x512.jpg 768w, https:\/\/www.troesser.de\/blog\/wp-content\/uploads\/sites\/2\/2025\/06\/campo-de-fiori-marcello-designer-sofa-05960111-ww-5-300x200.jpg 300w, https:\/\/www.troesser.de\/blog\/wp-content\/uploads\/sites\/2\/2025\/06\/campo-de-fiori-marcello-designer-sofa-05960111-ww-5-1024x683.jpg 1024w, https:\/\/www.troesser.de\/blog\/wp-content\/uploads\/sites\/2\/2025\/06\/campo-de-fiori-marcello-designer-sofa-05960111-ww-5-540x360.jpg 540w, https:\/\/www.troesser.de\/blog\/wp-content\/uploads\/sites\/2\/2025\/06\/campo-de-fiori-marcello-designer-sofa-05960111-ww-5-1440x960.jpg 1440w, https:\/\/www.troesser.de\/blog\/wp-content\/uploads\/sites\/2\/2025\/06\/campo-de-fiori-marcello-designer-sofa-05960111-ww-5-64x43.jpg 64w, https:\/\/www.troesser.de\/blog\/wp-content\/uploads\/sites\/2\/2025\/06\/campo-de-fiori-marcello-designer-sofa-05960111-ww-5-108x72.jpg 108w, https:\/\/www.troesser.de\/blog\/wp-content\/uploads\/sites\/2\/2025\/06\/campo-de-fiori-marcello-designer-sofa-05960111-ww-5-153x102.jpg 153w, https:\/\/www.troesser.de\/blog\/wp-content\/uploads\/sites\/2\/2025\/06\/campo-de-fiori-marcello-designer-sofa-05960111-ww-5-204x136.jpg 204w, https:\/\/www.troesser.de\/blog\/wp-content\/uploads\/sites\/2\/2025\/06\/campo-de-fiori-marcello-designer-sofa-05960111-ww-5-288x192.jpg 288w, https:\/\/www.troesser.de\/blog\/wp-content\/uploads\/sites\/2\/2025\/06\/campo-de-fiori-marcello-designer-sofa-05960111-ww-5-384x256.jpg 384w, https:\/\/www.troesser.de\/blog\/wp-content\/uploads\/sites\/2\/2025\/06\/campo-de-fiori-marcello-designer-sofa-05960111-ww-5.jpg 1500w\" \/>\t\t\t\t\t\t\t\t<\/a>\n\t\t\t\t\t\t\t\t\t\t\t<figcaption class=\"widget-image-caption wp-caption-text\">CAMPO DE\u00b4FIORI Marcello Designer Sofa<\/figcaption>\n\t\t\t\t\t\t\t\t\t\t<\/figure>\n\t\t\t\t\t\t\t\t\t<\/div>\n\t\t\t\t<\/div>\n\t\t\t\t<div class=\"elementor-element elementor-element-54ca002 elementor-align-center elementor-widget elementor-widget-button\" data-id=\"54ca002\" data-element_type=\"widget\" data-e-type=\"widget\" data-widget_type=\"button.default\">\n\t\t\t\t<div class=\"elementor-widget-container\">\n\t\t\t\t\t\t\t\t\t<div class=\"elementor-button-wrapper\">\n\t\t\t\t\t<a class=\"elementor-button elementor-button-link elementor-size-sm\" href=\"https:\/\/www.troesser.de\/campo-de-fiori-marcello-designer-sofa-weiss\" target=\"_blank\">\n\t\t\t\t\t\t<span class=\"elementor-button-content-wrapper\">\n\t\t\t\t\t\t<span class=\"elementor-button-icon\">\n\t\t\t\t<svg aria-hidden=\"true\" class=\"e-font-icon-svg e-fas-shopping-cart\" viewBox=\"0 0 576 512\" xmlns=\"http:\/\/www.w3.org\/2000\/svg\"><path d=\"M528.12 301.319l47.273-208C578.806 78.301 567.391 64 551.99 64H159.208l-9.166-44.81C147.758 8.021 137.93 0 126.529 0H24C10.745 0 0 10.745 0 24v16c0 13.255 10.745 24 24 24h69.883l70.248 343.435C147.325 417.1 136 435.222 136 456c0 30.928 25.072 56 56 56s56-25.072 56-56c0-15.674-6.447-29.835-16.824-40h209.647C430.447 426.165 424 440.326 424 456c0 30.928 25.072 56 56 56s56-25.072 56-56c0-22.172-12.888-41.332-31.579-50.405l5.517-24.276c3.413-15.018-8.002-29.319-23.403-29.319H218.117l-6.545-32h293.145c11.206 0 20.92-7.754 23.403-18.681z\"><\/path><\/svg>\t\t\t<\/span>\n\t\t\t\t\t\t\t\t\t<span class=\"elementor-button-text\">im Onlineshop ansehen<\/span>\n\t\t\t\t\t<\/span>\n\t\t\t\t\t<\/a>\n\t\t\t\t<\/div>\n\t\t\t\t\t\t\t\t<\/div>\n\t\t\t\t<\/div>\n\t\t\t\t<div class=\"elementor-element elementor-element-a9eb66b elementor-widget elementor-widget-heading\" data-id=\"a9eb66b\" data-element_type=\"widget\" data-e-type=\"widget\" data-widget_type=\"heading.default\">\n\t\t\t\t<div class=\"elementor-widget-container\">\n\t\t\t\t\t<h2 class=\"elementor-heading-title elementor-size-default\"><span class=\"ez-toc-section\" id=\"Das_Bubble_Sofa_Form_trifft_Aesthetik\"><\/span>Das Bubble Sofa: Form trifft \u00c4sthetik<span class=\"ez-toc-section-end\"><\/span><\/h2>\t\t\t\t<\/div>\n\t\t\t\t<\/div>\n\t\t\t\t<div class=\"elementor-element elementor-element-b369848 elementor-widget elementor-widget-text-editor\" data-id=\"b369848\" data-element_type=\"widget\" data-e-type=\"widget\" data-widget_type=\"text-editor.default\">\n\t\t\t\t<div class=\"elementor-widget-container\">\n\t\t\t\t\t\t\t\t\t<p>Trotz ihrer verspielten Optik sind diese Sofas alles andere als unpraktisch denn:<\/p><ul><li>Sie passen sich dem K\u00f6rper angenehm an<\/li><li>Viele Modelle bieten \u00fcberraschend viel Sitzfl\u00e4che<\/li><li>Bubble- bzw. Organsiche Sofas wirken modern &#8211; ohne k\u00fchl zu sein<\/li><\/ul><p>\u00a0<\/p><p>Zudem lassen sie sich wunderbar mit runden Couchtischen, weichen Teppichen und nat\u00fcrlichen Farben kombinieren. Das Ergebnis: ein stimmiges, ruhiges Wohngef\u00fchl.<\/p>\t\t\t\t\t\t\t\t<\/div>\n\t\t\t\t<\/div>\n\t\t\t\t<div class=\"elementor-element elementor-element-5eb214a elementor-widget elementor-widget-heading\" data-id=\"5eb214a\" data-element_type=\"widget\" data-e-type=\"widget\" data-widget_type=\"heading.default\">\n\t\t\t\t<div class=\"elementor-widget-container\">\n\t\t\t\t\t<h3 class=\"elementor-heading-title elementor-size-default\"><span class=\"ez-toc-section\" id=\"Auch_als_Bubble_Sessel_erhaeltlich\"><\/span>Auch als Bubble Sessel erh\u00e4ltlich<span class=\"ez-toc-section-end\"><\/span><\/h3>\t\t\t\t<\/div>\n\t\t\t\t<\/div>\n\t\t\t\t<div class=\"elementor-element elementor-element-73b6817 elementor-widget elementor-widget-image\" data-id=\"73b6817\" data-element_type=\"widget\" data-e-type=\"widget\" data-widget_type=\"image.default\">\n\t\t\t\t<div class=\"elementor-widget-container\">\n\t\t\t\t\t\t\t\t\t\t\t\t<figure class=\"wp-caption\">\n\t\t\t\t\t\t\t\t\t\t\t<a href=\"https:\/\/www.troesser.de\/blog\/wp-content\/uploads\/sites\/2\/2025\/06\/bubble-Sessel_graceland_in_black_2.jpg\" data-elementor-open-lightbox=\"yes\" data-elementor-lightbox-title=\"Candy Sessel Graceland in Stoff\" data-e-action-hash=\"#elementor-action%3Aaction%3Dlightbox%26settings%3DeyJpZCI6MzAwMDgsInVybCI6Imh0dHBzOlwvXC93d3cudHJvZXNzZXIuZGVcL2Jsb2dcL3dwLWNvbnRlbnRcL3VwbG9hZHNcL3NpdGVzXC8yXC8yMDI1XC8wNlwvYnViYmxlLVNlc3NlbF9ncmFjZWxhbmRfaW5fYmxhY2tfMi5qcGcifQ%3D%3D\">\n\t\t\t\t\t\t\t<img decoding=\"async\" width=\"1024\" height=\"683\" src=\"\" class=\"attachment-jkd-wide-size-large size-jkd-wide-size-large wp-image-30008 lqip\" alt=\"Candy Sessel Graceland in Stoff\" srcset=\"\" sizes=\"(max-width: 1024px) 100vw, 1024px\" data-lqip=\"https:\/\/www.troesser.de\/blog\/wp-content\/uploads\/sites\/2\/2025\/06\/bubble-Sessel_graceland_in_black_2-204x136.jpg\" data-src=\"https:\/\/www.troesser.de\/blog\/wp-content\/uploads\/sites\/2\/2025\/06\/bubble-Sessel_graceland_in_black_2-1024x683.jpg\" data-srcset=\"https:\/\/www.troesser.de\/blog\/wp-content\/uploads\/sites\/2\/2025\/06\/bubble-Sessel_graceland_in_black_2-1024x683.jpg 1024w, https:\/\/www.troesser.de\/blog\/wp-content\/uploads\/sites\/2\/2025\/06\/bubble-Sessel_graceland_in_black_2-300x200.jpg 300w, https:\/\/www.troesser.de\/blog\/wp-content\/uploads\/sites\/2\/2025\/06\/bubble-Sessel_graceland_in_black_2-540x360.jpg 540w, https:\/\/www.troesser.de\/blog\/wp-content\/uploads\/sites\/2\/2025\/06\/bubble-Sessel_graceland_in_black_2-768x512.jpg 768w, https:\/\/www.troesser.de\/blog\/wp-content\/uploads\/sites\/2\/2025\/06\/bubble-Sessel_graceland_in_black_2-1440x960.jpg 1440w, https:\/\/www.troesser.de\/blog\/wp-content\/uploads\/sites\/2\/2025\/06\/bubble-Sessel_graceland_in_black_2-64x43.jpg 64w, https:\/\/www.troesser.de\/blog\/wp-content\/uploads\/sites\/2\/2025\/06\/bubble-Sessel_graceland_in_black_2-108x72.jpg 108w, https:\/\/www.troesser.de\/blog\/wp-content\/uploads\/sites\/2\/2025\/06\/bubble-Sessel_graceland_in_black_2-153x102.jpg 153w, https:\/\/www.troesser.de\/blog\/wp-content\/uploads\/sites\/2\/2025\/06\/bubble-Sessel_graceland_in_black_2-204x136.jpg 204w, https:\/\/www.troesser.de\/blog\/wp-content\/uploads\/sites\/2\/2025\/06\/bubble-Sessel_graceland_in_black_2-288x192.jpg 288w, https:\/\/www.troesser.de\/blog\/wp-content\/uploads\/sites\/2\/2025\/06\/bubble-Sessel_graceland_in_black_2-384x256.jpg 384w\" \/>\t\t\t\t\t\t\t\t<\/a>\n\t\t\t\t\t\t\t\t\t\t\t<figcaption class=\"widget-image-caption wp-caption-text\">Candy Sessel Graceland in Stoff<\/figcaption>\n\t\t\t\t\t\t\t\t\t\t<\/figure>\n\t\t\t\t\t\t\t\t\t<\/div>\n\t\t\t\t<\/div>\n\t\t\t\t<div class=\"elementor-element elementor-element-abef2a7 elementor-align-center elementor-widget elementor-widget-button\" data-id=\"abef2a7\" data-element_type=\"widget\" data-e-type=\"widget\" data-widget_type=\"button.default\">\n\t\t\t\t<div class=\"elementor-widget-container\">\n\t\t\t\t\t\t\t\t\t<div class=\"elementor-button-wrapper\">\n\t\t\t\t\t<a class=\"elementor-button elementor-button-link elementor-size-sm\" href=\"https:\/\/www.troesser.de\/candy-sessel-graceland-in-stoff-schwarz\" target=\"_blank\">\n\t\t\t\t\t\t<span class=\"elementor-button-content-wrapper\">\n\t\t\t\t\t\t<span class=\"elementor-button-icon\">\n\t\t\t\t<svg aria-hidden=\"true\" class=\"e-font-icon-svg e-fas-shopping-cart\" viewBox=\"0 0 576 512\" xmlns=\"http:\/\/www.w3.org\/2000\/svg\"><path d=\"M528.12 301.319l47.273-208C578.806 78.301 567.391 64 551.99 64H159.208l-9.166-44.81C147.758 8.021 137.93 0 126.529 0H24C10.745 0 0 10.745 0 24v16c0 13.255 10.745 24 24 24h69.883l70.248 343.435C147.325 417.1 136 435.222 136 456c0 30.928 25.072 56 56 56s56-25.072 56-56c0-15.674-6.447-29.835-16.824-40h209.647C430.447 426.165 424 440.326 424 456c0 30.928 25.072 56 56 56s56-25.072 56-56c0-22.172-12.888-41.332-31.579-50.405l5.517-24.276c3.413-15.018-8.002-29.319-23.403-29.319H218.117l-6.545-32h293.145c11.206 0 20.92-7.754 23.403-18.681z\"><\/path><\/svg>\t\t\t<\/span>\n\t\t\t\t\t\t\t\t\t<span class=\"elementor-button-text\">im Onlineshop ansehen<\/span>\n\t\t\t\t\t<\/span>\n\t\t\t\t\t<\/a>\n\t\t\t\t<\/div>\n\t\t\t\t\t\t\t\t<\/div>\n\t\t\t\t<\/div>\n\t\t\t\t<div class=\"elementor-element elementor-element-4f85658 elementor-widget elementor-widget-heading\" data-id=\"4f85658\" data-element_type=\"widget\" data-e-type=\"widget\" data-widget_type=\"heading.default\">\n\t\t\t\t<div class=\"elementor-widget-container\">\n\t\t\t\t\t<h2 class=\"elementor-heading-title elementor-size-default\"><span class=\"ez-toc-section\" id=\"Fazit_Sofas_im_Bubble_Look_sind_ein_Trend_der_bleibt\"><\/span>Fazit: Sofas im Bubble Look sind ein Trend, der bleibt.<span class=\"ez-toc-section-end\"><\/span><\/h2>\t\t\t\t<\/div>\n\t\t\t\t<\/div>\n\t\t\t\t<div class=\"elementor-element elementor-element-afcb925 elementor-widget elementor-widget-jkd-blq\" data-id=\"afcb925\" data-element_type=\"widget\" data-e-type=\"widget\" data-widget_type=\"jkd-blq.default\">\n\t\t\t\t<div class=\"elementor-widget-container\">\n\t\t\t\t\t\t\t\n\t\t<figure class=\"jkd-blq jkd-col-sm d-f d-col ai-s jc-fs pos-rel p-20 br-md bg-col \">\n\t\t\t\n\t\t\t<span aria-hidden=\"true\" class=\"icon icon-quote mb-12 mb-10-sm pr-col\"><\/span>\n\t\t\t\n\t\t\t<blockquote class=\"custom-blq h-col ta-l h4\">\n\t\t\t\t\n\t\t\t\tBubble-Sofas: Design darf emotional sein. Es darf sich gut anf\u00fchlen - nicht nur beim Sitzen, sondern schon beim Ansehen. Wer seinem Wohnzimmer eine weiche, moderne Note verleihen m\u00f6chte, liegt mit diesen Formen genau richtig.\t\t\t\n\t\t\t<\/blockquote>\n\t\t\t\n\t\t\t\t\t\t\t\n\t\t\t\t<figcaption class=\"lnh-1 mt-12 mt-10-sm\">\n\t\t\t\t\t\n\t\t\t\t\t<cite class=\"lnh-1 h-col mt-txt d-f op-md ta-c d-fw\">\n\t\t\t\t\t\t\n\t\t\t\t\t\t- Dein Tr\u00f6sser Service Team\t\t\t\t\t\n\t\t\t\t\t<\/cite>\n\t\t\t\t\n\t\t\t\t<\/figcaption>\n\t\t\t\n\t\t\t\t\t\n\t\t<\/figure>\n\t\t\n\t\t\t\t\t\t<\/div>\n\t\t\t\t<\/div>\n\t\t\t\t\t<\/div>\n\t\t<\/div>\n\t\t\t\t\t<\/div>\n\t\t<\/section>\n\t\t\t\t<\/div>\n\t\t","protected":false},"excerpt":{"rendered":"<p>Sofas im Bubble-Look sind 2025 voll im Trend: Mit ihren runden, weichen Formen und einem verspielten Retro\u2011Charme bringen sie Gem\u00fctlichkeit und Stil gleicherma\u00dfen ins Wohnzimmer. Ob in Pastellfarben, kr\u00e4ftigem Gelb oder klassischem Grau &#8211; der Bubble\u2011Look passt zu angesagten Interieur\u2011Stilen wie Scandi, Boho oder Modern. Diese Sofas setzen nicht nur ein Design\u2011Statement, sie laden auch [&hellip;]<\/p>\n","protected":false},"author":7,"featured_media":30012,"comment_status":"open","ping_status":"open","sticky":false,"template":"elementor_theme","format":"standard","meta":{"_acf_changed":false,"footnotes":""},"categories":[125],"tags":[129,145,146,150,151],"coauthors":[163],"class_list":["post-30002","post","type-post","status-publish","format-standard","has-post-thumbnail","hentry","category-wohntrends","tag-buble-look-sofa","tag-sofas","tag-sofas-im-bubble-look","tag-wohnideen","tag-wohntrends"],"acf":[],"yoast_head":"<!-- This site is optimized with the Yoast SEO plugin v27.4 - https:\/\/yoast.com\/product\/yoast-seo-wordpress\/ -->\n<title>Sofas im Bubble Look - ein echter Hingucker\u00a0<\/title>\n<meta name=\"description\" content=\"Sofas im Bubble Look: Entdecke trendige Bubble Look Sofas - stylisch, gem\u00fctlich und ein echter Hingucker f\u00fcr dein Wohnzimmer \u279cmehr lesen\" \/>\n<meta name=\"robots\" content=\"index, follow, max-snippet:-1, max-image-preview:large, max-video-preview:-1\" \/>\n<link rel=\"canonical\" href=\"https:\/\/www.troesser.de\/blog\/sofas-im-bubble-look-sind-echte-hingucker\/\" \/>\n<meta property=\"og:locale\" content=\"de_DE\" \/>\n<meta property=\"og:type\" content=\"article\" \/>\n<meta property=\"og:title\" content=\"Sofas im Bubble Look - ein echter Hingucker\u00a0\" \/>\n<meta property=\"og:description\" content=\"Sofas im Bubble Look: Entdecke trendige Bubble Look Sofas - stylisch, gem\u00fctlich und ein echter Hingucker f\u00fcr dein Wohnzimmer \u279cmehr lesen\" \/>\n<meta property=\"og:url\" content=\"https:\/\/www.troesser.de\/blog\/sofas-im-bubble-look-sind-echte-hingucker\/\" \/>\n<meta property=\"og:site_name\" content=\"Tr\u00f6sser Polsterm\u00f6bel Blog\" \/>\n<meta property=\"article:publisher\" content=\"https:\/\/www.facebook.com\/Polstertroesser\" \/>\n<meta property=\"article:published_time\" content=\"2025-07-21T08:05:17+00:00\" \/>\n<meta property=\"article:modified_time\" content=\"2025-08-11T10:04:54+00:00\" \/>\n<meta property=\"og:image\" content=\"https:\/\/www.troesser.de\/blog\/wp-content\/uploads\/sites\/2\/2025\/06\/candy-bubble-ecksofa-graceland-in-trendstoff-cord-0533graceland00ww-10.jpg\" \/>\n\t<meta property=\"og:image:width\" content=\"1920\" \/>\n\t<meta property=\"og:image:height\" content=\"1080\" \/>\n\t<meta property=\"og:image:type\" content=\"image\/jpeg\" \/>\n<meta name=\"author\" content=\"Troesser Polsterm\u00f6bel\" \/>\n<meta name=\"twitter:card\" content=\"summary_large_image\" \/>\n<meta name=\"twitter:image\" content=\"https:\/\/www.troesser.de\/blog\/wp-content\/uploads\/sites\/2\/2025\/06\/candy-bubble-ecksofa-graceland-in-trendstoff-cord-0533graceland00ww-10.jpg\" \/>\n<meta name=\"twitter:label1\" content=\"Verfasst von\" \/>\n\t<meta name=\"twitter:data1\" content=\"Troesser Polsterm\u00f6bel\" \/>\n\t<meta name=\"twitter:label2\" content=\"Gesch\u00e4tzte Lesezeit\" \/>\n\t<meta name=\"twitter:data2\" content=\"3\u00a0Minuten\" \/>\n\t<meta name=\"twitter:label3\" content=\"Written by\" \/>\n\t<meta name=\"twitter:data3\" content=\"Troesser Polsterm\u00f6bel\" \/>\n<script type=\"application\/ld+json\" class=\"yoast-schema-graph\">{\"@context\":\"https:\\\/\\\/schema.org\",\"@graph\":[{\"@type\":\"Article\",\"@id\":\"https:\\\/\\\/www.troesser.de\\\/blog\\\/sofas-im-bubble-look-sind-echte-hingucker\\\/#article\",\"isPartOf\":{\"@id\":\"https:\\\/\\\/www.troesser.de\\\/blog\\\/sofas-im-bubble-look-sind-echte-hingucker\\\/\"},\"author\":{\"name\":\"Troesser Polsterm\u00f6bel\",\"@id\":\"https:\\\/\\\/www.troesser.de\\\/blog\\\/#\\\/schema\\\/person\\\/f08a92e83e506378bf52804a75d8880a\"},\"headline\":\"Sofas im Bubble Look &#8211; ein echter Hingucker\u00a0\",\"datePublished\":\"2025-07-21T08:05:17+00:00\",\"dateModified\":\"2025-08-11T10:04:54+00:00\",\"mainEntityOfPage\":{\"@id\":\"https:\\\/\\\/www.troesser.de\\\/blog\\\/sofas-im-bubble-look-sind-echte-hingucker\\\/\"},\"wordCount\":421,\"commentCount\":0,\"publisher\":{\"@id\":\"https:\\\/\\\/www.troesser.de\\\/blog\\\/#organization\"},\"image\":{\"@id\":\"https:\\\/\\\/www.troesser.de\\\/blog\\\/sofas-im-bubble-look-sind-echte-hingucker\\\/#primaryimage\"},\"thumbnailUrl\":\"https:\\\/\\\/www.troesser.de\\\/blog\\\/wp-content\\\/uploads\\\/sites\\\/2\\\/2025\\\/06\\\/candy-bubble-ecksofa-graceland-in-trendstoff-cord-0533graceland00ww-10.jpg\",\"keywords\":[\"buble look sofa\",\"sofas\",\"sofas im bubble look\",\"wohnideen\",\"wohntrends\"],\"articleSection\":[\"Wohntrends\"],\"inLanguage\":\"de\",\"potentialAction\":[{\"@type\":\"CommentAction\",\"name\":\"Comment\",\"target\":[\"https:\\\/\\\/www.troesser.de\\\/blog\\\/sofas-im-bubble-look-sind-echte-hingucker\\\/#respond\"]}],\"hasPart\":[{\"@type\":\"SiteNavigationElement\",\"name\":\"Table of Contents\",\"url\":\"https:\\\/\\\/www.troesser.de\\\/blog\\\/sofas-im-bubble-look-sind-echte-hingucker\\\/#ez-toc\",\"position\":1,\"hasPart\":[{\"@type\":\"SiteNavigationElement\",\"name\":\"Sofa im Bubble Look - ein echter Hingucker\",\"url\":\"https:\\\/\\\/www.troesser.de\\\/blog\\\/sofas-im-bubble-look-sind-echte-hingucker\\\/#sofa-im-bubble-look---ein-echter-hingucker\",\"position\":2},{\"@type\":\"SiteNavigationElement\",\"name\":\"Runde Sache: warum Bubble Sofas unser Zuhause weicher machen\",\"url\":\"https:\\\/\\\/www.troesser.de\\\/blog\\\/sofas-im-bubble-look-sind-echte-hingucker\\\/#runde-sache-warum-bubble-sofas-unser-zuhause-weicher-machen\",\"position\":3},{\"@type\":\"SiteNavigationElement\",\"name\":\"Wohnen wird weicher: und emotionaler\",\"url\":\"https:\\\/\\\/www.troesser.de\\\/blog\\\/sofas-im-bubble-look-sind-echte-hingucker\\\/#wohnen-wird-weicher-und-emotionaler\",\"position\":4},{\"@type\":\"SiteNavigationElement\",\"name\":\"Das Bubble Sofa: Form trifft \u00c4sthetik\",\"url\":\"https:\\\/\\\/www.troesser.de\\\/blog\\\/sofas-im-bubble-look-sind-echte-hingucker\\\/#das-bubble-sofa-form-trifft-aesthetik\",\"position\":5},{\"@type\":\"SiteNavigationElement\",\"name\":\"Auch als Bubble Sessel erh\u00e4ltlich\",\"url\":\"https:\\\/\\\/www.troesser.de\\\/blog\\\/sofas-im-bubble-look-sind-echte-hingucker\\\/#auch-als-bubble-sessel-erhaeltlich\",\"position\":6},{\"@type\":\"SiteNavigationElement\",\"name\":\"Fazit: Sofas im Bubble Look sind ein Trend, der bleibt.\",\"url\":\"https:\\\/\\\/www.troesser.de\\\/blog\\\/sofas-im-bubble-look-sind-echte-hingucker\\\/#fazit-sofas-im-bubble-look-sind-ein-trend-der-bleibt\",\"position\":7}]}]},{\"@type\":\"WebPage\",\"@id\":\"https:\\\/\\\/www.troesser.de\\\/blog\\\/sofas-im-bubble-look-sind-echte-hingucker\\\/\",\"url\":\"https:\\\/\\\/www.troesser.de\\\/blog\\\/sofas-im-bubble-look-sind-echte-hingucker\\\/\",\"name\":\"Sofas im Bubble Look - ein echter Hingucker\u00a0\",\"isPartOf\":{\"@id\":\"https:\\\/\\\/www.troesser.de\\\/blog\\\/#website\"},\"primaryImageOfPage\":{\"@id\":\"https:\\\/\\\/www.troesser.de\\\/blog\\\/sofas-im-bubble-look-sind-echte-hingucker\\\/#primaryimage\"},\"image\":{\"@id\":\"https:\\\/\\\/www.troesser.de\\\/blog\\\/sofas-im-bubble-look-sind-echte-hingucker\\\/#primaryimage\"},\"thumbnailUrl\":\"https:\\\/\\\/www.troesser.de\\\/blog\\\/wp-content\\\/uploads\\\/sites\\\/2\\\/2025\\\/06\\\/candy-bubble-ecksofa-graceland-in-trendstoff-cord-0533graceland00ww-10.jpg\",\"datePublished\":\"2025-07-21T08:05:17+00:00\",\"dateModified\":\"2025-08-11T10:04:54+00:00\",\"description\":\"Sofas im Bubble Look: Entdecke trendige Bubble Look Sofas - stylisch, gem\u00fctlich und ein echter Hingucker f\u00fcr dein Wohnzimmer \u279cmehr lesen\",\"breadcrumb\":{\"@id\":\"https:\\\/\\\/www.troesser.de\\\/blog\\\/sofas-im-bubble-look-sind-echte-hingucker\\\/#breadcrumb\"},\"inLanguage\":\"de\",\"potentialAction\":[{\"@type\":\"ReadAction\",\"target\":[\"https:\\\/\\\/www.troesser.de\\\/blog\\\/sofas-im-bubble-look-sind-echte-hingucker\\\/\"]}]},{\"@type\":\"ImageObject\",\"inLanguage\":\"de\",\"@id\":\"https:\\\/\\\/www.troesser.de\\\/blog\\\/sofas-im-bubble-look-sind-echte-hingucker\\\/#primaryimage\",\"url\":\"https:\\\/\\\/www.troesser.de\\\/blog\\\/wp-content\\\/uploads\\\/sites\\\/2\\\/2025\\\/06\\\/candy-bubble-ecksofa-graceland-in-trendstoff-cord-0533graceland00ww-10.jpg\",\"contentUrl\":\"https:\\\/\\\/www.troesser.de\\\/blog\\\/wp-content\\\/uploads\\\/sites\\\/2\\\/2025\\\/06\\\/candy-bubble-ecksofa-graceland-in-trendstoff-cord-0533graceland00ww-10.jpg\",\"width\":1920,\"height\":1080,\"caption\":\"Sofas im Bubble Look\"},{\"@type\":\"BreadcrumbList\",\"@id\":\"https:\\\/\\\/www.troesser.de\\\/blog\\\/sofas-im-bubble-look-sind-echte-hingucker\\\/#breadcrumb\",\"itemListElement\":[{\"@type\":\"ListItem\",\"position\":1,\"name\":\"Startseite\",\"item\":\"https:\\\/\\\/www.troesser.de\\\/blog\\\/\"},{\"@type\":\"ListItem\",\"position\":2,\"name\":\"Wohntrends\",\"item\":\"https:\\\/\\\/www.troesser.de\\\/blog\\\/kategorie\\\/wohntrends\\\/\"},{\"@type\":\"ListItem\",\"position\":3,\"name\":\"Sofas im Bubble Look &#8211; ein echter Hingucker\u00a0\"}]},{\"@type\":\"WebSite\",\"@id\":\"https:\\\/\\\/www.troesser.de\\\/blog\\\/#website\",\"url\":\"https:\\\/\\\/www.troesser.de\\\/blog\\\/\",\"name\":\"TR\u00d6SSER \u22c6 der Polsterm\u00f6belspezialist\",\"description\":\"Hier entstehen Wohnideen\",\"publisher\":{\"@id\":\"https:\\\/\\\/www.troesser.de\\\/blog\\\/#organization\"},\"potentialAction\":[{\"@type\":\"SearchAction\",\"target\":{\"@type\":\"EntryPoint\",\"urlTemplate\":\"https:\\\/\\\/www.troesser.de\\\/blog\\\/?s={search_term_string}\"},\"query-input\":{\"@type\":\"PropertyValueSpecification\",\"valueRequired\":true,\"valueName\":\"search_term_string\"}}],\"inLanguage\":\"de\"},{\"@type\":\"Organization\",\"@id\":\"https:\\\/\\\/www.troesser.de\\\/blog\\\/#organization\",\"name\":\"Uni-Polster Verwaltung GmbH & Tr\u00f6sser Co. KG\",\"alternateName\":\"TR\u00d6SSER \u22c6 der Polsterm\u00f6belspezialist\",\"url\":\"https:\\\/\\\/www.troesser.de\\\/blog\\\/\",\"logo\":{\"@type\":\"ImageObject\",\"inLanguage\":\"de\",\"@id\":\"https:\\\/\\\/www.troesser.de\\\/blog\\\/#\\\/schema\\\/logo\\\/image\\\/\",\"url\":\"https:\\\/\\\/www.troesser.de\\\/blog\\\/wp-content\\\/uploads\\\/sites\\\/2\\\/2025\\\/05\\\/troesser-logo.png\",\"contentUrl\":\"https:\\\/\\\/www.troesser.de\\\/blog\\\/wp-content\\\/uploads\\\/sites\\\/2\\\/2025\\\/05\\\/troesser-logo.png\",\"width\":612,\"height\":425,\"caption\":\"Uni-Polster Verwaltung GmbH & Tr\u00f6sser Co. KG\"},\"image\":{\"@id\":\"https:\\\/\\\/www.troesser.de\\\/blog\\\/#\\\/schema\\\/logo\\\/image\\\/\"},\"sameAs\":[\"https:\\\/\\\/www.facebook.com\\\/Polstertroesser\",\"https:\\\/\\\/www.instagram.com\\\/troesser_polsterspezialist\\\/\"]},{\"@type\":\"Person\",\"@id\":\"https:\\\/\\\/www.troesser.de\\\/blog\\\/#\\\/schema\\\/person\\\/f08a92e83e506378bf52804a75d8880a\",\"name\":\"Troesser Polsterm\u00f6bel\",\"image\":{\"@type\":\"ImageObject\",\"inLanguage\":\"de\",\"@id\":\"https:\\\/\\\/secure.gravatar.com\\\/avatar\\\/4227729f29762c8b158555a4180f8de8b0167aa987bbaa365d6d936d582c4284?s=96&d=https%3A%2F%2Fwww.troesser.de%2Fblog%2Fwp-content%2Fuploads%2Fsites%2F2%2F2025%2F05%2Fcropped-troesser-logo-150x150.png&r=gbf055b0fb1259abb693b673df26f6b74\",\"url\":\"https:\\\/\\\/secure.gravatar.com\\\/avatar\\\/4227729f29762c8b158555a4180f8de8b0167aa987bbaa365d6d936d582c4284?s=96&d=https%3A%2F%2Fwww.troesser.de%2Fblog%2Fwp-content%2Fuploads%2Fsites%2F2%2F2025%2F05%2Fcropped-troesser-logo-150x150.png&r=g\",\"contentUrl\":\"https:\\\/\\\/secure.gravatar.com\\\/avatar\\\/4227729f29762c8b158555a4180f8de8b0167aa987bbaa365d6d936d582c4284?s=96&d=https%3A%2F%2Fwww.troesser.de%2Fblog%2Fwp-content%2Fuploads%2Fsites%2F2%2F2025%2F05%2Fcropped-troesser-logo-150x150.png&r=g\",\"caption\":\"Troesser Polsterm\u00f6bel\"},\"url\":\"https:\\\/\\\/www.troesser.de\\\/blog\\\/author\\\/troesser\\\/\"}]}<\/script>\n<!-- \/ Yoast SEO plugin. -->","yoast_head_json":{"title":"Sofas im Bubble Look - ein echter Hingucker\u00a0","description":"Sofas im Bubble Look: Entdecke trendige Bubble Look Sofas - stylisch, gem\u00fctlich und ein echter Hingucker f\u00fcr dein Wohnzimmer \u279cmehr lesen","robots":{"index":"index","follow":"follow","max-snippet":"max-snippet:-1","max-image-preview":"max-image-preview:large","max-video-preview":"max-video-preview:-1"},"canonical":"https:\/\/www.troesser.de\/blog\/sofas-im-bubble-look-sind-echte-hingucker\/","og_locale":"de_DE","og_type":"article","og_title":"Sofas im Bubble Look - ein echter Hingucker\u00a0","og_description":"Sofas im Bubble Look: Entdecke trendige Bubble Look Sofas - stylisch, gem\u00fctlich und ein echter Hingucker f\u00fcr dein Wohnzimmer \u279cmehr lesen","og_url":"https:\/\/www.troesser.de\/blog\/sofas-im-bubble-look-sind-echte-hingucker\/","og_site_name":"Tr\u00f6sser Polsterm\u00f6bel Blog","article_publisher":"https:\/\/www.facebook.com\/Polstertroesser","article_published_time":"2025-07-21T08:05:17+00:00","article_modified_time":"2025-08-11T10:04:54+00:00","og_image":[{"width":1920,"height":1080,"url":"https:\/\/www.troesser.de\/blog\/wp-content\/uploads\/sites\/2\/2025\/06\/candy-bubble-ecksofa-graceland-in-trendstoff-cord-0533graceland00ww-10.jpg","type":"image\/jpeg"}],"author":"Troesser Polsterm\u00f6bel","twitter_card":"summary_large_image","twitter_image":"https:\/\/www.troesser.de\/blog\/wp-content\/uploads\/sites\/2\/2025\/06\/candy-bubble-ecksofa-graceland-in-trendstoff-cord-0533graceland00ww-10.jpg","twitter_misc":{"Verfasst von":"Troesser Polsterm\u00f6bel","Gesch\u00e4tzte Lesezeit":"3\u00a0Minuten","Written by":"Troesser Polsterm\u00f6bel"},"schema":{"@context":"https:\/\/schema.org","@graph":[{"@type":"Article","@id":"https:\/\/www.troesser.de\/blog\/sofas-im-bubble-look-sind-echte-hingucker\/#article","isPartOf":{"@id":"https:\/\/www.troesser.de\/blog\/sofas-im-bubble-look-sind-echte-hingucker\/"},"author":{"name":"Troesser Polsterm\u00f6bel","@id":"https:\/\/www.troesser.de\/blog\/#\/schema\/person\/f08a92e83e506378bf52804a75d8880a"},"headline":"Sofas im Bubble Look &#8211; ein echter Hingucker\u00a0","datePublished":"2025-07-21T08:05:17+00:00","dateModified":"2025-08-11T10:04:54+00:00","mainEntityOfPage":{"@id":"https:\/\/www.troesser.de\/blog\/sofas-im-bubble-look-sind-echte-hingucker\/"},"wordCount":421,"commentCount":0,"publisher":{"@id":"https:\/\/www.troesser.de\/blog\/#organization"},"image":{"@id":"https:\/\/www.troesser.de\/blog\/sofas-im-bubble-look-sind-echte-hingucker\/#primaryimage"},"thumbnailUrl":"https:\/\/www.troesser.de\/blog\/wp-content\/uploads\/sites\/2\/2025\/06\/candy-bubble-ecksofa-graceland-in-trendstoff-cord-0533graceland00ww-10.jpg","keywords":["buble look sofa","sofas","sofas im bubble look","wohnideen","wohntrends"],"articleSection":["Wohntrends"],"inLanguage":"de","potentialAction":[{"@type":"CommentAction","name":"Comment","target":["https:\/\/www.troesser.de\/blog\/sofas-im-bubble-look-sind-echte-hingucker\/#respond"]}],"hasPart":[{"@type":"SiteNavigationElement","name":"Table of Contents","url":"https:\/\/www.troesser.de\/blog\/sofas-im-bubble-look-sind-echte-hingucker\/#ez-toc","position":1,"hasPart":[{"@type":"SiteNavigationElement","name":"Sofa im Bubble Look - ein echter Hingucker","url":"https:\/\/www.troesser.de\/blog\/sofas-im-bubble-look-sind-echte-hingucker\/#sofa-im-bubble-look---ein-echter-hingucker","position":2},{"@type":"SiteNavigationElement","name":"Runde Sache: warum Bubble Sofas unser Zuhause weicher machen","url":"https:\/\/www.troesser.de\/blog\/sofas-im-bubble-look-sind-echte-hingucker\/#runde-sache-warum-bubble-sofas-unser-zuhause-weicher-machen","position":3},{"@type":"SiteNavigationElement","name":"Wohnen wird weicher: und emotionaler","url":"https:\/\/www.troesser.de\/blog\/sofas-im-bubble-look-sind-echte-hingucker\/#wohnen-wird-weicher-und-emotionaler","position":4},{"@type":"SiteNavigationElement","name":"Das Bubble Sofa: Form trifft \u00c4sthetik","url":"https:\/\/www.troesser.de\/blog\/sofas-im-bubble-look-sind-echte-hingucker\/#das-bubble-sofa-form-trifft-aesthetik","position":5},{"@type":"SiteNavigationElement","name":"Auch als Bubble Sessel erh\u00e4ltlich","url":"https:\/\/www.troesser.de\/blog\/sofas-im-bubble-look-sind-echte-hingucker\/#auch-als-bubble-sessel-erhaeltlich","position":6},{"@type":"SiteNavigationElement","name":"Fazit: Sofas im Bubble Look sind ein Trend, der bleibt.","url":"https:\/\/www.troesser.de\/blog\/sofas-im-bubble-look-sind-echte-hingucker\/#fazit-sofas-im-bubble-look-sind-ein-trend-der-bleibt","position":7}]}]},{"@type":"WebPage","@id":"https:\/\/www.troesser.de\/blog\/sofas-im-bubble-look-sind-echte-hingucker\/","url":"https:\/\/www.troesser.de\/blog\/sofas-im-bubble-look-sind-echte-hingucker\/","name":"Sofas im Bubble Look - ein echter Hingucker\u00a0","isPartOf":{"@id":"https:\/\/www.troesser.de\/blog\/#website"},"primaryImageOfPage":{"@id":"https:\/\/www.troesser.de\/blog\/sofas-im-bubble-look-sind-echte-hingucker\/#primaryimage"},"image":{"@id":"https:\/\/www.troesser.de\/blog\/sofas-im-bubble-look-sind-echte-hingucker\/#primaryimage"},"thumbnailUrl":"https:\/\/www.troesser.de\/blog\/wp-content\/uploads\/sites\/2\/2025\/06\/candy-bubble-ecksofa-graceland-in-trendstoff-cord-0533graceland00ww-10.jpg","datePublished":"2025-07-21T08:05:17+00:00","dateModified":"2025-08-11T10:04:54+00:00","description":"Sofas im Bubble Look: Entdecke trendige Bubble Look Sofas - stylisch, gem\u00fctlich und ein echter Hingucker f\u00fcr dein Wohnzimmer \u279cmehr lesen","breadcrumb":{"@id":"https:\/\/www.troesser.de\/blog\/sofas-im-bubble-look-sind-echte-hingucker\/#breadcrumb"},"inLanguage":"de","potentialAction":[{"@type":"ReadAction","target":["https:\/\/www.troesser.de\/blog\/sofas-im-bubble-look-sind-echte-hingucker\/"]}]},{"@type":"ImageObject","inLanguage":"de","@id":"https:\/\/www.troesser.de\/blog\/sofas-im-bubble-look-sind-echte-hingucker\/#primaryimage","url":"https:\/\/www.troesser.de\/blog\/wp-content\/uploads\/sites\/2\/2025\/06\/candy-bubble-ecksofa-graceland-in-trendstoff-cord-0533graceland00ww-10.jpg","contentUrl":"https:\/\/www.troesser.de\/blog\/wp-content\/uploads\/sites\/2\/2025\/06\/candy-bubble-ecksofa-graceland-in-trendstoff-cord-0533graceland00ww-10.jpg","width":1920,"height":1080,"caption":"Sofas im Bubble Look"},{"@type":"BreadcrumbList","@id":"https:\/\/www.troesser.de\/blog\/sofas-im-bubble-look-sind-echte-hingucker\/#breadcrumb","itemListElement":[{"@type":"ListItem","position":1,"name":"Startseite","item":"https:\/\/www.troesser.de\/blog\/"},{"@type":"ListItem","position":2,"name":"Wohntrends","item":"https:\/\/www.troesser.de\/blog\/kategorie\/wohntrends\/"},{"@type":"ListItem","position":3,"name":"Sofas im Bubble Look &#8211; ein echter Hingucker\u00a0"}]},{"@type":"WebSite","@id":"https:\/\/www.troesser.de\/blog\/#website","url":"https:\/\/www.troesser.de\/blog\/","name":"TR\u00d6SSER \u22c6 der Polsterm\u00f6belspezialist","description":"Hier entstehen Wohnideen","publisher":{"@id":"https:\/\/www.troesser.de\/blog\/#organization"},"potentialAction":[{"@type":"SearchAction","target":{"@type":"EntryPoint","urlTemplate":"https:\/\/www.troesser.de\/blog\/?s={search_term_string}"},"query-input":{"@type":"PropertyValueSpecification","valueRequired":true,"valueName":"search_term_string"}}],"inLanguage":"de"},{"@type":"Organization","@id":"https:\/\/www.troesser.de\/blog\/#organization","name":"Uni-Polster Verwaltung GmbH & Tr\u00f6sser Co. KG","alternateName":"TR\u00d6SSER \u22c6 der Polsterm\u00f6belspezialist","url":"https:\/\/www.troesser.de\/blog\/","logo":{"@type":"ImageObject","inLanguage":"de","@id":"https:\/\/www.troesser.de\/blog\/#\/schema\/logo\/image\/","url":"https:\/\/www.troesser.de\/blog\/wp-content\/uploads\/sites\/2\/2025\/05\/troesser-logo.png","contentUrl":"https:\/\/www.troesser.de\/blog\/wp-content\/uploads\/sites\/2\/2025\/05\/troesser-logo.png","width":612,"height":425,"caption":"Uni-Polster Verwaltung GmbH & Tr\u00f6sser Co. KG"},"image":{"@id":"https:\/\/www.troesser.de\/blog\/#\/schema\/logo\/image\/"},"sameAs":["https:\/\/www.facebook.com\/Polstertroesser","https:\/\/www.instagram.com\/troesser_polsterspezialist\/"]},{"@type":"Person","@id":"https:\/\/www.troesser.de\/blog\/#\/schema\/person\/f08a92e83e506378bf52804a75d8880a","name":"Troesser Polsterm\u00f6bel","image":{"@type":"ImageObject","inLanguage":"de","@id":"https:\/\/secure.gravatar.com\/avatar\/4227729f29762c8b158555a4180f8de8b0167aa987bbaa365d6d936d582c4284?s=96&d=https%3A%2F%2Fwww.troesser.de%2Fblog%2Fwp-content%2Fuploads%2Fsites%2F2%2F2025%2F05%2Fcropped-troesser-logo-150x150.png&r=gbf055b0fb1259abb693b673df26f6b74","url":"https:\/\/secure.gravatar.com\/avatar\/4227729f29762c8b158555a4180f8de8b0167aa987bbaa365d6d936d582c4284?s=96&d=https%3A%2F%2Fwww.troesser.de%2Fblog%2Fwp-content%2Fuploads%2Fsites%2F2%2F2025%2F05%2Fcropped-troesser-logo-150x150.png&r=g","contentUrl":"https:\/\/secure.gravatar.com\/avatar\/4227729f29762c8b158555a4180f8de8b0167aa987bbaa365d6d936d582c4284?s=96&d=https%3A%2F%2Fwww.troesser.de%2Fblog%2Fwp-content%2Fuploads%2Fsites%2F2%2F2025%2F05%2Fcropped-troesser-logo-150x150.png&r=g","caption":"Troesser Polsterm\u00f6bel"},"url":"https:\/\/www.troesser.de\/blog\/author\/troesser\/"}]}},"_links":{"self":[{"href":"https:\/\/www.troesser.de\/blog\/wp-json\/wp\/v2\/posts\/30002","targetHints":{"allow":["GET"]}}],"collection":[{"href":"https:\/\/www.troesser.de\/blog\/wp-json\/wp\/v2\/posts"}],"about":[{"href":"https:\/\/www.troesser.de\/blog\/wp-json\/wp\/v2\/types\/post"}],"author":[{"embeddable":true,"href":"https:\/\/www.troesser.de\/blog\/wp-json\/wp\/v2\/users\/7"}],"replies":[{"embeddable":true,"href":"https:\/\/www.troesser.de\/blog\/wp-json\/wp\/v2\/comments?post=30002"}],"version-history":[{"count":21,"href":"https:\/\/www.troesser.de\/blog\/wp-json\/wp\/v2\/posts\/30002\/revisions"}],"predecessor-version":[{"id":31336,"href":"https:\/\/www.troesser.de\/blog\/wp-json\/wp\/v2\/posts\/30002\/revisions\/31336"}],"wp:featuredmedia":[{"embeddable":true,"href":"https:\/\/www.troesser.de\/blog\/wp-json\/wp\/v2\/media\/30012"}],"wp:attachment":[{"href":"https:\/\/www.troesser.de\/blog\/wp-json\/wp\/v2\/media?parent=30002"}],"wp:term":[{"taxonomy":"category","embeddable":true,"href":"https:\/\/www.troesser.de\/blog\/wp-json\/wp\/v2\/categories?post=30002"},{"taxonomy":"post_tag","embeddable":true,"href":"https:\/\/www.troesser.de\/blog\/wp-json\/wp\/v2\/tags?post=30002"},{"taxonomy":"author","embeddable":true,"href":"https:\/\/www.troesser.de\/blog\/wp-json\/wp\/v2\/coauthors?post=30002"}],"curies":[{"name":"wp","href":"https:\/\/api.w.org\/{rel}","templated":true}]}}